{"id":530,"date":"2024-04-12T09:18:56","date_gmt":"2024-04-12T09:18:56","guid":{"rendered":"https:\/\/www.benidormparaiso.com\/blog\/?p=530"},"modified":"2024-07-16T12:14:33","modified_gmt":"2024-07-16T12:14:33","slug":"alojamientos-cerca-de-la-playa-en-benidorm","status":"publish","type":"post","link":"https:\/\/www.benidormparaiso.com\/blog\/alojamientos-cerca-de-la-playa-en-benidorm\/","title":{"rendered":"Alojamientos cerca de la playa en Benidorm\u00a0"},"content":{"rendered":"\t\t<div data-elementor-type=\"wp-post\" data-elementor-id=\"530\" class=\"elementor elementor-530\" data-elementor-post-type=\"post\">\n\t\t\t\t\t\t<section class=\"elementor-section elementor-top-section elementor-element elementor-element-62e1ec16 elementor-section-boxed elementor-section-height-default elementor-section-height-default\" data-id=\"62e1ec16\" data-element_type=\"section\" data-e-type=\"section\">\n\t\t\t\t\t\t<div class=\"elementor-container elementor-column-gap-default\">\n\t\t\t\t\t<div class=\"elementor-column elementor-col-100 elementor-top-column elementor-element elementor-element-3f460f87\" data-id=\"3f460f87\" data-element_type=\"column\" data-e-type=\"column\">\n\t\t\t<div class=\"elementor-widget-wrap elementor-element-populated\">\n\t\t\t\t\t\t<div class=\"elementor-element elementor-element-f2b5873 elementor-widget elementor-widget-text-editor\" data-id=\"f2b5873\" data-element_type=\"widget\" data-e-type=\"widget\" data-widget_type=\"text-editor.default\">\n\t\t\t\t<div class=\"elementor-widget-container\">\n\t\t\t\t\t\t\t\t\t<p><span style=\"font-weight: 400;\">Benidorm es uno de los destinos tur\u00edsticos m\u00e1s emblem\u00e1ticos en Espa\u00f1a que atrae a millones de visitantes cada a\u00f1o. \u00bfY qu\u00e9 es lo que hace que este lugar sea tan especial? Sin duda, la<strong> combinaci\u00f3n de sus impresionantes playas y una amplia variedad de alojamientos<\/strong>, muchos de ellos son reservados por su cercan\u00eda a las principales playas de Benidorm. <\/span><\/p>\t\t\t\t\t\t\t\t<\/div>\n\t\t\t\t<\/div>\n\t\t\t\t<div class=\"elementor-element elementor-element-33ff5ead elementor-widget elementor-widget-heading\" data-id=\"33ff5ead\" data-element_type=\"widget\" data-e-type=\"widget\" data-widget_type=\"heading.default\">\n\t\t\t\t<div class=\"elementor-widget-container\">\n\t\t\t\t\t<h2 class=\"elementor-heading-title elementor-size-default\">Vacaciones en Benidorm cerca de la playa\n\n<\/h2>\t\t\t\t<\/div>\n\t\t\t\t<\/div>\n\t\t\t\t<div class=\"elementor-element elementor-element-30ed21f5 elementor-widget elementor-widget-text-editor\" data-id=\"30ed21f5\" data-element_type=\"widget\" data-e-type=\"widget\" data-widget_type=\"text-editor.default\">\n\t\t\t\t<div class=\"elementor-widget-container\">\n\t\t\t\t\t\t\t\t\t<p><span style=\"font-weight: 400;\">Cuando se trata de disfrutar de unas vacaciones junto al mar en Benidorm, <strong>encontrar el alojamiento perfecto<\/strong> puede marcar la diferencia entre una estancia memorable y una experiencia ordinaria.<\/span><\/p><p><span style=\"font-weight: 400;\">Imagina despertarte por la ma\u00f1ana y dar un corto paseo hasta la playa, donde el suave sonido de las olas te da la bienvenida a un d\u00eda lleno de sol y diversi\u00f3n. Con los alojamientos de Benidorm Para\u00edso, esta fantas\u00eda se convierte en realidad. Adem\u00e1s de su proximidad a la playa, muchos de estos alojamientos tambi\u00e9n ofrecen <strong>acceso a una variedad de servicios y actividades<\/strong>.<\/span><\/p>\t\t\t\t\t\t\t\t<\/div>\n\t\t\t\t<\/div>\n\t\t\t\t\t<\/div>\n\t\t<\/div>\n\t\t\t\t\t<\/div>\n\t\t<\/section>\n\t\t\t\t<section class=\"elementor-section elementor-top-section elementor-element elementor-element-4291f64f elementor-section-boxed elementor-section-height-default elementor-section-height-default\" data-id=\"4291f64f\" data-element_type=\"section\" data-e-type=\"section\">\n\t\t\t\t\t\t<div class=\"elementor-container elementor-column-gap-default\">\n\t\t\t\t\t<div class=\"elementor-column elementor-col-100 elementor-top-column elementor-element elementor-element-a9707a0\" data-id=\"a9707a0\" data-element_type=\"column\" data-e-type=\"column\">\n\t\t\t<div class=\"elementor-widget-wrap elementor-element-populated\">\n\t\t\t\t\t\t<div class=\"elementor-element elementor-element-2279b71b elementor-widget elementor-widget-image\" data-id=\"2279b71b\" data-element_type=\"widget\" data-e-type=\"widget\" data-widget_type=\"image.default\">\n\t\t\t\t<div class=\"elementor-widget-container\">\n\t\t\t\t\t\t\t\t\t\t\t\t\t\t\t<img fetchpriority=\"high\" decoding=\"async\" width=\"1920\" height=\"650\" src=\"https:\/\/www.benidormparaiso.com\/blog\/wp-content\/uploads\/2024\/04\/Vacaciones-en-Benidorm-cerca-de-la-playa.jpg\" class=\"attachment-full size-full wp-image-535\" alt=\"Vacaciones en Benidorm cerca de la playa\" srcset=\"https:\/\/www.benidormparaiso.com\/blog\/wp-content\/uploads\/2024\/04\/Vacaciones-en-Benidorm-cerca-de-la-playa.jpg 1920w, https:\/\/www.benidormparaiso.com\/blog\/wp-content\/uploads\/2024\/04\/Vacaciones-en-Benidorm-cerca-de-la-playa-768x260.jpg 768w, https:\/\/www.benidormparaiso.com\/blog\/wp-content\/uploads\/2024\/04\/Vacaciones-en-Benidorm-cerca-de-la-playa-1536x520.jpg 1536w\" sizes=\"(max-width: 1920px) 100vw, 1920px\" \/>\t\t\t\t\t\t\t\t\t\t\t\t\t\t\t<\/div>\n\t\t\t\t<\/div>\n\t\t\t\t\t<\/div>\n\t\t<\/div>\n\t\t\t\t\t<\/div>\n\t\t<\/section>\n\t\t\t\t<section class=\"elementor-section elementor-top-section elementor-element elementor-element-270e89f9 elementor-section-boxed elementor-section-height-default elementor-section-height-default\" data-id=\"270e89f9\" data-element_type=\"section\" data-e-type=\"section\">\n\t\t\t\t\t\t<div class=\"elementor-container elementor-column-gap-default\">\n\t\t\t\t\t<div class=\"elementor-column elementor-col-100 elementor-top-column elementor-element elementor-element-212f723e\" data-id=\"212f723e\" data-element_type=\"column\" data-e-type=\"column\">\n\t\t\t<div class=\"elementor-widget-wrap elementor-element-populated\">\n\t\t\t\t\t\t<div class=\"elementor-element elementor-element-ba32ccd elementor-widget elementor-widget-heading\" data-id=\"ba32ccd\" data-element_type=\"widget\" data-e-type=\"widget\" data-widget_type=\"heading.default\">\n\t\t\t\t<div class=\"elementor-widget-container\">\n\t\t\t\t\t<h2 class=\"elementor-heading-title elementor-size-default\">Elige tu apartamento vacacional en Benidorm cerca de la playa de Poniente\n<\/h2>\t\t\t\t<\/div>\n\t\t\t\t<\/div>\n\t\t\t\t\t<\/div>\n\t\t<\/div>\n\t\t\t\t\t<\/div>\n\t\t<\/section>\n\t\t\t\t<section class=\"elementor-section elementor-top-section elementor-element elementor-element-0ecb9a9 elementor-section-boxed elementor-section-height-default elementor-section-height-default\" data-id=\"0ecb9a9\" data-element_type=\"section\" data-e-type=\"section\">\n\t\t\t\t\t\t<div class=\"elementor-container elementor-column-gap-default\">\n\t\t\t\t\t<div class=\"elementor-column elementor-col-100 elementor-top-column elementor-element elementor-element-d2bf800\" data-id=\"d2bf800\" data-element_type=\"column\" data-e-type=\"column\">\n\t\t\t<div class=\"elementor-widget-wrap elementor-element-populated\">\n\t\t\t\t\t\t<div class=\"elementor-element elementor-element-f92fda2 elementor-widget elementor-widget-text-editor\" data-id=\"f92fda2\" data-element_type=\"widget\" data-e-type=\"widget\" data-widget_type=\"text-editor.default\">\n\t\t\t\t<div class=\"elementor-widget-container\">\n\t\t\t\t\t\t\t\t\t<p>Nuestros apartamentos vacacionales cerca de la Playa de Poniente en Benidorm est\u00e1n dise\u00f1ados para ofrecerte la mejor estancia posible. Elige la mejor opci\u00f3n entre nuestros apartamentos disponibles y disfruta de la proximidad a las playas de Benidorm, tiendas y restaurantes locales.<\/p>\t\t\t\t\t\t\t\t<\/div>\n\t\t\t\t<\/div>\n\t\t\t\t\t<\/div>\n\t\t<\/div>\n\t\t\t\t\t<\/div>\n\t\t<\/section>\n\t\t\t\t<section class=\"elementor-section elementor-top-section elementor-element elementor-element-1c50977 elementor-section-boxed elementor-section-height-default elementor-section-height-default\" data-id=\"1c50977\" data-element_type=\"section\" data-e-type=\"section\">\n\t\t\t\t\t\t<div class=\"elementor-container elementor-column-gap-default\">\n\t\t\t\t\t<div class=\"elementor-column elementor-col-100 elementor-top-column elementor-element elementor-element-8dd1dc6\" data-id=\"8dd1dc6\" data-element_type=\"column\" data-e-type=\"column\">\n\t\t\t<div class=\"elementor-widget-wrap elementor-element-populated\">\n\t\t\t\t\t\t<div class=\"elementor-element elementor-element-0cb59f9 elementor-align-center elementor-widget elementor-widget-button\" data-id=\"0cb59f9\" data-element_type=\"widget\" data-e-type=\"widget\" data-widget_type=\"button.default\">\n\t\t\t\t<div class=\"elementor-widget-container\">\n\t\t\t\t\t\t\t\t\t<div class=\"elementor-button-wrapper\">\n\t\t\t\t\t<a class=\"elementor-button elementor-button-link elementor-size-sm\" href=\"https:\/\/www.benidormparaiso.com\/alquiler\/alquileres-benidorm-d13\/categoria-cerca-de-la-playa\/\">\n\t\t\t\t\t\t<span class=\"elementor-button-content-wrapper\">\n\t\t\t\t\t\t\t\t\t<span class=\"elementor-button-text\">Ver alojamientos <\/span>\n\t\t\t\t\t<\/span>\n\t\t\t\t\t<\/a>\n\t\t\t\t<\/div>\n\t\t\t\t\t\t\t\t<\/div>\n\t\t\t\t<\/div>\n\t\t\t\t\t<\/div>\n\t\t<\/div>\n\t\t\t\t\t<\/div>\n\t\t<\/section>\n\t\t\t\t<section class=\"elementor-section elementor-top-section elementor-element elementor-element-5605d1a elementor-section-boxed elementor-section-height-default elementor-section-height-default\" data-id=\"5605d1a\" data-element_type=\"section\" data-e-type=\"section\">\n\t\t\t\t\t\t<div class=\"elementor-container elementor-column-gap-default\">\n\t\t\t\t\t<div class=\"elementor-column elementor-col-100 elementor-top-column elementor-element elementor-element-1559fb2\" data-id=\"1559fb2\" data-element_type=\"column\" data-e-type=\"column\">\n\t\t\t<div class=\"elementor-widget-wrap elementor-element-populated\">\n\t\t\t\t\t\t<div class=\"elementor-element elementor-element-7e616ce elementor-widget elementor-widget-heading\" data-id=\"7e616ce\" data-element_type=\"widget\" data-e-type=\"widget\" data-widget_type=\"heading.default\">\n\t\t\t\t<div class=\"elementor-widget-container\">\n\t\t\t\t\t<h2 class=\"elementor-heading-title elementor-size-default\">Elige tu apartamento vacacional en Benidorm cerca de la playa de Levante\n<\/h2>\t\t\t\t<\/div>\n\t\t\t\t<\/div>\n\t\t\t\t<div class=\"elementor-element elementor-element-647dfae5 elementor-widget elementor-widget-text-editor\" data-id=\"647dfae5\" data-element_type=\"widget\" data-e-type=\"widget\" data-widget_type=\"text-editor.default\">\n\t\t\t\t<div class=\"elementor-widget-container\">\n\t\t\t\t\t\t\t\t\t<p><span style=\"background-color: transparent;\">Nuestros apartamentos vacacionales cerca de la Playa de Levante en Benidorm est\u00e1n dise\u00f1ados para ofrecer comodidad y conveniencia durante tu estancia. Ubicados a pocos pasos de la playa, nuestros alojamientos incluyen desde estudios hasta amplios apartamentos familiares. Encontrar\u00e1s opciones adecuadas para diferentes necesidades y preferencias. Disfruta de la proximidad al mar y la vida nocturna de Benidorm.<\/span><\/p>\t\t\t\t\t\t\t\t<\/div>\n\t\t\t\t<\/div>\n\t\t\t\t\t<\/div>\n\t\t<\/div>\n\t\t\t\t\t<\/div>\n\t\t<\/section>\n\t\t\t\t<section class=\"elementor-section elementor-top-section elementor-element elementor-element-455e150c elementor-section-boxed elementor-section-height-default elementor-section-height-default\" data-id=\"455e150c\" data-element_type=\"section\" data-e-type=\"section\" data-settings=\"{&quot;background_background&quot;:&quot;classic&quot;}\">\n\t\t\t\t\t\t<div class=\"elementor-container elementor-column-gap-default\">\n\t\t\t\t\t<div class=\"elementor-column elementor-col-50 elementor-top-column elementor-element elementor-element-2e1881be\" data-id=\"2e1881be\" data-element_type=\"column\" data-e-type=\"column\">\n\t\t\t<div class=\"elementor-widget-wrap elementor-element-populated\">\n\t\t\t\t\t\t<div class=\"elementor-element elementor-element-35749984 elementor-widget elementor-widget-image\" data-id=\"35749984\" data-element_type=\"widget\" data-e-type=\"widget\" data-widget_type=\"image.default\">\n\t\t\t\t<div class=\"elementor-widget-container\">\n\t\t\t\t\t\t\t\t\t\t\t\t\t\t\t\t<a href=\"https:\/\/www.benidormparaiso.com\/alquiler\/apartamento-benidorm-paraiso-centro-1-dormitorio-benidormparaiso-413877.html\">\n\t\t\t\t\t\t\t<img decoding=\"async\" width=\"2362\" height=\"1575\" src=\"https:\/\/www.benidormparaiso.com\/blog\/wp-content\/uploads\/2024\/02\/apartamento-benidorm-paraiso.jpg\" class=\"attachment-full size-full wp-image-417\" alt=\"apartamento benidorm para\u00edso\" srcset=\"https:\/\/www.benidormparaiso.com\/blog\/wp-content\/uploads\/2024\/02\/apartamento-benidorm-paraiso.jpg 2362w, https:\/\/www.benidormparaiso.com\/blog\/wp-content\/uploads\/2024\/02\/apartamento-benidorm-paraiso-768x512.jpg 768w, https:\/\/www.benidormparaiso.com\/blog\/wp-content\/uploads\/2024\/02\/apartamento-benidorm-paraiso-1536x1024.jpg 1536w, https:\/\/www.benidormparaiso.com\/blog\/wp-content\/uploads\/2024\/02\/apartamento-benidorm-paraiso-2048x1366.jpg 2048w\" sizes=\"(max-width: 2362px) 100vw, 2362px\" \/>\t\t\t\t\t\t\t\t<\/a>\n\t\t\t\t\t\t\t\t\t\t\t\t\t\t\t<\/div>\n\t\t\t\t<\/div>\n\t\t\t\t\t<\/div>\n\t\t<\/div>\n\t\t\t\t<div class=\"elementor-column elementor-col-50 elementor-top-column elementor-element elementor-element-3c800f41\" data-id=\"3c800f41\" data-element_type=\"column\" data-e-type=\"column\">\n\t\t\t<div class=\"elementor-widget-wrap elementor-element-populated\">\n\t\t\t\t\t\t<div class=\"elementor-element elementor-element-5daddeeb elementor-widget elementor-widget-spacer\" data-id=\"5daddeeb\" data-element_type=\"widget\" data-e-type=\"widget\" data-widget_type=\"spacer.default\">\n\t\t\t\t<div class=\"elementor-widget-container\">\n\t\t\t\t\t\t\t<div class=\"elementor-spacer\">\n\t\t\t<div class=\"elementor-spacer-inner\"><\/div>\n\t\t<\/div>\n\t\t\t\t\t\t<\/div>\n\t\t\t\t<\/div>\n\t\t\t\t<div class=\"elementor-element elementor-element-6f87c62f elementor-widget elementor-widget-text-editor\" data-id=\"6f87c62f\" data-element_type=\"widget\" data-e-type=\"widget\" data-widget_type=\"text-editor.default\">\n\t\t\t\t<div class=\"elementor-widget-container\">\n\t\t\t\t\t\t\t\t\t<h4 style=\"text-align: center;\"><strong>PARAISO CENTRO 1 DORMITORIO<\/strong><\/h4><p style=\"text-align: center;\">Reserva uno de nuestros apartamentos Para\u00edso Centro ideales para familias y parejas que busquen el descanso en el centro de Benidorm.<\/p><p style=\"text-align: center;\">Amplios y luminosos apartamentos de 1 dormitorio con vistas al jard\u00edn y la piscina.<\/p>\t\t\t\t\t\t\t\t<\/div>\n\t\t\t\t<\/div>\n\t\t\t\t<div class=\"elementor-element elementor-element-6d93783c elementor-align-center elementor-widget elementor-widget-button\" data-id=\"6d93783c\" data-element_type=\"widget\" data-e-type=\"widget\" data-widget_type=\"button.default\">\n\t\t\t\t<div class=\"elementor-widget-container\">\n\t\t\t\t\t\t\t\t\t<div class=\"elementor-button-wrapper\">\n\t\t\t\t\t<a class=\"elementor-button elementor-button-link elementor-size-sm\" href=\"https:\/\/www.benidormparaiso.com\/alquiler\/apartamento-benidorm-paraiso-centro-1-dormitorio-benidormparaiso-413877.html\">\n\t\t\t\t\t\t<span class=\"elementor-button-content-wrapper\">\n\t\t\t\t\t\t\t\t\t<span class=\"elementor-button-text\">Ver apartamento<\/span>\n\t\t\t\t\t<\/span>\n\t\t\t\t\t<\/a>\n\t\t\t\t<\/div>\n\t\t\t\t\t\t\t\t<\/div>\n\t\t\t\t<\/div>\n\t\t\t\t\t<\/div>\n\t\t<\/div>\n\t\t\t\t\t<\/div>\n\t\t<\/section>\n\t\t\t\t<section class=\"elementor-section elementor-top-section elementor-element elementor-element-5151fa47 elementor-section-boxed elementor-section-height-default elementor-section-height-default\" data-id=\"5151fa47\" data-element_type=\"section\" data-e-type=\"section\">\n\t\t\t\t\t\t<div class=\"elementor-container elementor-column-gap-default\">\n\t\t\t\t\t<div class=\"elementor-column elementor-col-100 elementor-top-column elementor-element elementor-element-71011b1e\" data-id=\"71011b1e\" data-element_type=\"column\" data-e-type=\"column\">\n\t\t\t<div class=\"elementor-widget-wrap elementor-element-populated\">\n\t\t\t\t\t\t<div class=\"elementor-element elementor-element-36ed3602 elementor-widget-divider--view-line elementor-widget elementor-widget-divider\" data-id=\"36ed3602\" data-element_type=\"widget\" data-e-type=\"widget\" data-widget_type=\"divider.default\">\n\t\t\t\t<div class=\"elementor-widget-container\">\n\t\t\t\t\t\t\t<div class=\"elementor-divider\">\n\t\t\t<span class=\"elementor-divider-separator\">\n\t\t\t\t\t\t<\/span>\n\t\t<\/div>\n\t\t\t\t\t\t<\/div>\n\t\t\t\t<\/div>\n\t\t\t\t\t<\/div>\n\t\t<\/div>\n\t\t\t\t\t<\/div>\n\t\t<\/section>\n\t\t\t\t<section class=\"elementor-section elementor-top-section elementor-element elementor-element-64325e02 elementor-section-boxed elementor-section-height-default elementor-section-height-default\" data-id=\"64325e02\" data-element_type=\"section\" data-e-type=\"section\" data-settings=\"{&quot;background_background&quot;:&quot;classic&quot;}\">\n\t\t\t\t\t\t<div class=\"elementor-container elementor-column-gap-default\">\n\t\t\t\t\t<div class=\"elementor-column elementor-col-50 elementor-top-column elementor-element elementor-element-64b86749\" data-id=\"64b86749\" data-element_type=\"column\" data-e-type=\"column\">\n\t\t\t<div class=\"elementor-widget-wrap elementor-element-populated\">\n\t\t\t\t\t\t<div class=\"elementor-element elementor-element-333fbc20 elementor-widget elementor-widget-image\" data-id=\"333fbc20\" data-element_type=\"widget\" data-e-type=\"widget\" data-widget_type=\"image.default\">\n\t\t\t\t<div class=\"elementor-widget-container\">\n\t\t\t\t\t\t\t\t\t\t\t\t\t\t\t\t<a href=\"https:\/\/www.benidormparaiso.com\/alquiler\/apartamento-benidorm-1-dormitorio-suite-paraiso-centro-413917.html\">\n\t\t\t\t\t\t\t<img decoding=\"async\" width=\"2560\" height=\"1688\" src=\"https:\/\/www.benidormparaiso.com\/blog\/wp-content\/uploads\/2024\/02\/suite-1-dormitorio-benidorm.jpg\" class=\"attachment-full size-full wp-image-422\" alt=\"Suite 1 dormitorio benidorm\" srcset=\"https:\/\/www.benidormparaiso.com\/blog\/wp-content\/uploads\/2024\/02\/suite-1-dormitorio-benidorm.jpg 2560w, https:\/\/www.benidormparaiso.com\/blog\/wp-content\/uploads\/2024\/02\/suite-1-dormitorio-benidorm-768x506.jpg 768w, https:\/\/www.benidormparaiso.com\/blog\/wp-content\/uploads\/2024\/02\/suite-1-dormitorio-benidorm-1536x1013.jpg 1536w, https:\/\/www.benidormparaiso.com\/blog\/wp-content\/uploads\/2024\/02\/suite-1-dormitorio-benidorm-2048x1350.jpg 2048w\" sizes=\"(max-width: 2560px) 100vw, 2560px\" \/>\t\t\t\t\t\t\t\t<\/a>\n\t\t\t\t\t\t\t\t\t\t\t\t\t\t\t<\/div>\n\t\t\t\t<\/div>\n\t\t\t\t\t<\/div>\n\t\t<\/div>\n\t\t\t\t<div class=\"elementor-column elementor-col-50 elementor-top-column elementor-element elementor-element-5ba17205\" data-id=\"5ba17205\" data-element_type=\"column\" data-e-type=\"column\">\n\t\t\t<div class=\"elementor-widget-wrap elementor-element-populated\">\n\t\t\t\t\t\t<div class=\"elementor-element elementor-element-64b2fbd7 elementor-widget elementor-widget-spacer\" data-id=\"64b2fbd7\" data-element_type=\"widget\" data-e-type=\"widget\" data-widget_type=\"spacer.default\">\n\t\t\t\t<div class=\"elementor-widget-container\">\n\t\t\t\t\t\t\t<div class=\"elementor-spacer\">\n\t\t\t<div class=\"elementor-spacer-inner\"><\/div>\n\t\t<\/div>\n\t\t\t\t\t\t<\/div>\n\t\t\t\t<\/div>\n\t\t\t\t<div class=\"elementor-element elementor-element-5368735d elementor-widget elementor-widget-text-editor\" data-id=\"5368735d\" data-element_type=\"widget\" data-e-type=\"widget\" data-widget_type=\"text-editor.default\">\n\t\t\t\t<div class=\"elementor-widget-container\">\n\t\t\t\t\t\t\t\t\t<h4 style=\"text-align: center;\"><strong>1 DORMITORIO SUITE PARA\u00cdSO CENTRO<\/strong><\/h4><p style=\"text-align: center;\">Apartamento en Benidorm de 1 dormitorio y capacidad para 2 personas.<br \/>Alojamiento de 58 m\u00b2 c\u00f3modo y muy luminoso, terraza acristalada e incorporada al sal\u00f3n lo que confiere una mayor amplitud a la estancia. Dormitorio con cama de matrimonio.<\/p>\t\t\t\t\t\t\t\t<\/div>\n\t\t\t\t<\/div>\n\t\t\t\t<div class=\"elementor-element elementor-element-3f2daaab elementor-align-center elementor-widget elementor-widget-button\" data-id=\"3f2daaab\" data-element_type=\"widget\" data-e-type=\"widget\" data-widget_type=\"button.default\">\n\t\t\t\t<div class=\"elementor-widget-container\">\n\t\t\t\t\t\t\t\t\t<div class=\"elementor-button-wrapper\">\n\t\t\t\t\t<a class=\"elementor-button elementor-button-link elementor-size-sm\" href=\"https:\/\/www.benidormparaiso.com\/alquiler\/apartamento-benidorm-1-dormitorio-suite-paraiso-centro-413917.html\">\n\t\t\t\t\t\t<span class=\"elementor-button-content-wrapper\">\n\t\t\t\t\t\t\t\t\t<span class=\"elementor-button-text\">Ver apartamento<\/span>\n\t\t\t\t\t<\/span>\n\t\t\t\t\t<\/a>\n\t\t\t\t<\/div>\n\t\t\t\t\t\t\t\t<\/div>\n\t\t\t\t<\/div>\n\t\t\t\t\t<\/div>\n\t\t<\/div>\n\t\t\t\t\t<\/div>\n\t\t<\/section>\n\t\t\t\t<section class=\"elementor-section elementor-top-section elementor-element elementor-element-482efa76 elementor-section-boxed elementor-section-height-default elementor-section-height-default\" data-id=\"482efa76\" data-element_type=\"section\" data-e-type=\"section\">\n\t\t\t\t\t\t<div class=\"elementor-container elementor-column-gap-default\">\n\t\t\t\t\t<div class=\"elementor-column elementor-col-100 elementor-top-column elementor-element elementor-element-158a77b8\" data-id=\"158a77b8\" data-element_type=\"column\" data-e-type=\"column\">\n\t\t\t<div class=\"elementor-widget-wrap elementor-element-populated\">\n\t\t\t\t\t\t<div class=\"elementor-element elementor-element-5395b3e9 elementor-widget-divider--view-line elementor-widget elementor-widget-divider\" data-id=\"5395b3e9\" data-element_type=\"widget\" data-e-type=\"widget\" data-widget_type=\"divider.default\">\n\t\t\t\t<div class=\"elementor-widget-container\">\n\t\t\t\t\t\t\t<div class=\"elementor-divider\">\n\t\t\t<span class=\"elementor-divider-separator\">\n\t\t\t\t\t\t<\/span>\n\t\t<\/div>\n\t\t\t\t\t\t<\/div>\n\t\t\t\t<\/div>\n\t\t\t\t\t<\/div>\n\t\t<\/div>\n\t\t\t\t\t<\/div>\n\t\t<\/section>\n\t\t\t\t<section class=\"elementor-section elementor-top-section elementor-element elementor-element-56fb5840 elementor-section-boxed elementor-section-height-default elementor-section-height-default\" data-id=\"56fb5840\" data-element_type=\"section\" data-e-type=\"section\" data-settings=\"{&quot;background_background&quot;:&quot;classic&quot;}\">\n\t\t\t\t\t\t<div class=\"elementor-container elementor-column-gap-default\">\n\t\t\t\t\t<div class=\"elementor-column elementor-col-50 elementor-top-column elementor-element elementor-element-37f162a8\" data-id=\"37f162a8\" data-element_type=\"column\" data-e-type=\"column\">\n\t\t\t<div class=\"elementor-widget-wrap elementor-element-populated\">\n\t\t\t\t\t\t<div class=\"elementor-element elementor-element-656d69b1 elementor-widget elementor-widget-image\" data-id=\"656d69b1\" data-element_type=\"widget\" data-e-type=\"widget\" data-widget_type=\"image.default\">\n\t\t\t\t<div class=\"elementor-widget-container\">\n\t\t\t\t\t\t\t\t\t\t\t\t\t\t\t\t<a href=\"https:\/\/www.benidormparaiso.com\/alquiler\/apartamento-benidorm-paraiso-centro-2-dormitorios-benidormparaiso-413891.html\">\n\t\t\t\t\t\t\t<img loading=\"lazy\" decoding=\"async\" width=\"2362\" height=\"1575\" src=\"https:\/\/www.benidormparaiso.com\/blog\/wp-content\/uploads\/2024\/02\/apartamento-2-dormitorios.jpg\" class=\"attachment-full size-full wp-image-427\" alt=\"\" srcset=\"https:\/\/www.benidormparaiso.com\/blog\/wp-content\/uploads\/2024\/02\/apartamento-2-dormitorios.jpg 2362w, https:\/\/www.benidormparaiso.com\/blog\/wp-content\/uploads\/2024\/02\/apartamento-2-dormitorios-768x512.jpg 768w, https:\/\/www.benidormparaiso.com\/blog\/wp-content\/uploads\/2024\/02\/apartamento-2-dormitorios-1536x1024.jpg 1536w, https:\/\/www.benidormparaiso.com\/blog\/wp-content\/uploads\/2024\/02\/apartamento-2-dormitorios-2048x1366.jpg 2048w\" sizes=\"(max-width: 2362px) 100vw, 2362px\" \/>\t\t\t\t\t\t\t\t<\/a>\n\t\t\t\t\t\t\t\t\t\t\t\t\t\t\t<\/div>\n\t\t\t\t<\/div>\n\t\t\t\t\t<\/div>\n\t\t<\/div>\n\t\t\t\t<div class=\"elementor-column elementor-col-50 elementor-top-column elementor-element elementor-element-56daa4ef\" data-id=\"56daa4ef\" data-element_type=\"column\" data-e-type=\"column\">\n\t\t\t<div class=\"elementor-widget-wrap elementor-element-populated\">\n\t\t\t\t\t\t<div class=\"elementor-element elementor-element-368b373c elementor-widget elementor-widget-spacer\" data-id=\"368b373c\" data-element_type=\"widget\" data-e-type=\"widget\" data-widget_type=\"spacer.default\">\n\t\t\t\t<div class=\"elementor-widget-container\">\n\t\t\t\t\t\t\t<div class=\"elementor-spacer\">\n\t\t\t<div class=\"elementor-spacer-inner\"><\/div>\n\t\t<\/div>\n\t\t\t\t\t\t<\/div>\n\t\t\t\t<\/div>\n\t\t\t\t<div class=\"elementor-element elementor-element-5c173ee1 elementor-widget elementor-widget-text-editor\" data-id=\"5c173ee1\" data-element_type=\"widget\" data-e-type=\"widget\" data-widget_type=\"text-editor.default\">\n\t\t\t\t<div class=\"elementor-widget-container\">\n\t\t\t\t\t\t\t\t\t<h4><strong>2 DORMITORIOS SUITE PARA\u00cdSO CENTRO<\/strong><\/h4><p style=\"text-align: center;\">Amplios apartamentos de 2 dormitorios orientados hacia el mar y con vistas al jard\u00edn y la piscina.<\/p><p style=\"text-align: center;\">Reserva uno de nuestros apartamentos Para\u00edso Centro ideales para familias y parejas que busquen el descanso en el centro de Benidorm.<\/p>\t\t\t\t\t\t\t\t<\/div>\n\t\t\t\t<\/div>\n\t\t\t\t<div class=\"elementor-element elementor-element-5e1ebe elementor-align-center elementor-widget elementor-widget-button\" data-id=\"5e1ebe\" data-element_type=\"widget\" data-e-type=\"widget\" data-widget_type=\"button.default\">\n\t\t\t\t<div class=\"elementor-widget-container\">\n\t\t\t\t\t\t\t\t\t<div class=\"elementor-button-wrapper\">\n\t\t\t\t\t<a class=\"elementor-button elementor-button-link elementor-size-sm\" href=\"https:\/\/www.benidormparaiso.com\/alquiler\/apartamento-benidorm-paraiso-centro-2-dormitorios-benidormparaiso-413891.html\">\n\t\t\t\t\t\t<span class=\"elementor-button-content-wrapper\">\n\t\t\t\t\t\t\t\t\t<span class=\"elementor-button-text\">Ver apartamento<\/span>\n\t\t\t\t\t<\/span>\n\t\t\t\t\t<\/a>\n\t\t\t\t<\/div>\n\t\t\t\t\t\t\t\t<\/div>\n\t\t\t\t<\/div>\n\t\t\t\t\t<\/div>\n\t\t<\/div>\n\t\t\t\t\t<\/div>\n\t\t<\/section>\n\t\t\t\t<section class=\"elementor-section elementor-top-section elementor-element elementor-element-6efeb230 elementor-section-boxed elementor-section-height-default elementor-section-height-default\" data-id=\"6efeb230\" data-element_type=\"section\" data-e-type=\"section\">\n\t\t\t\t\t\t<div class=\"elementor-container elementor-column-gap-default\">\n\t\t\t\t\t<div class=\"elementor-column elementor-col-100 elementor-top-column elementor-element elementor-element-b540964\" data-id=\"b540964\" data-element_type=\"column\" data-e-type=\"column\">\n\t\t\t<div class=\"elementor-widget-wrap elementor-element-populated\">\n\t\t\t\t\t\t<div class=\"elementor-element elementor-element-8f79d82 elementor-widget elementor-widget-heading\" data-id=\"8f79d82\" data-element_type=\"widget\" data-e-type=\"widget\" data-widget_type=\"heading.default\">\n\t\t\t\t<div class=\"elementor-widget-container\">\n\t\t\t\t\t<h2 class=\"elementor-heading-title elementor-size-default\">Disfruta de Benidorm desde nuestros apartamentos tur\u00edsticos\n\n<\/h2>\t\t\t\t<\/div>\n\t\t\t\t<\/div>\n\t\t\t\t<div class=\"elementor-element elementor-element-1a83e310 elementor-widget elementor-widget-image\" data-id=\"1a83e310\" data-element_type=\"widget\" data-e-type=\"widget\" data-widget_type=\"image.default\">\n\t\t\t\t<div class=\"elementor-widget-container\">\n\t\t\t\t\t\t\t\t\t\t\t\t\t\t\t<img loading=\"lazy\" decoding=\"async\" width=\"1920\" height=\"650\" src=\"https:\/\/www.benidormparaiso.com\/blog\/wp-content\/uploads\/2024\/01\/Vacaciones-en-la-Costa-Blanca-Benidorm.jpg\" class=\"attachment-full size-full wp-image-375\" alt=\"Vacaciones en la Costa Blanca Benidorm\" srcset=\"https:\/\/www.benidormparaiso.com\/blog\/wp-content\/uploads\/2024\/01\/Vacaciones-en-la-Costa-Blanca-Benidorm.jpg 1920w, https:\/\/www.benidormparaiso.com\/blog\/wp-content\/uploads\/2024\/01\/Vacaciones-en-la-Costa-Blanca-Benidorm-768x260.jpg 768w, https:\/\/www.benidormparaiso.com\/blog\/wp-content\/uploads\/2024\/01\/Vacaciones-en-la-Costa-Blanca-Benidorm-1536x520.jpg 1536w\" sizes=\"(max-width: 1920px) 100vw, 1920px\" \/>\t\t\t\t\t\t\t\t\t\t\t\t\t\t\t<\/div>\n\t\t\t\t<\/div>\n\t\t\t\t<div class=\"elementor-element elementor-element-1d498f80 elementor-widget elementor-widget-text-editor\" data-id=\"1d498f80\" data-element_type=\"widget\" data-e-type=\"widget\" data-widget_type=\"text-editor.default\">\n\t\t\t\t<div class=\"elementor-widget-container\">\n\t\t\t\t\t\t\t\t\t<p><span style=\"font-weight: 400;\">Descubre la esencia aut\u00e9ntica de Benidorm desde la comodidad de nuestros apartamentos tur\u00edsticos. <strong>Ubicados muy cerca de las principales playas<\/strong>, nuestros alojamientos te invitan a sumergirte en la vibrante atm\u00f3sfera y la riqueza cultural que caracterizan a este destino \u00fanico.<\/span><\/p><p><span style=\"font-weight: 400;\">Con una ubicaci\u00f3n central y conveniente, nuestros apartamentos tur\u00edsticos te ofrecen f\u00e1cil acceso a una amplia gama de experiencias, desde la emoci\u00f3n de la vida nocturna hasta la tranquilidad de sus playas ba\u00f1adas por el sol. Sea cual sea tu inter\u00e9s, encontrar\u00e1s que nuestra ubicaci\u00f3n te coloca en el epicentro de la acci\u00f3n, permiti\u00e9ndote explorar y disfrutar todo lo que Benidorm tiene para ofrecer.<\/span><\/p><p><span style=\"font-weight: 400;\">Dise\u00f1ados para proporcionar el m\u00e1ximo confort y conveniencia, nuestros apartamentos tur\u00edsticos son tu <strong>hogar lejos de casa durante tu estancia en Benidorm<\/strong>. Desde espacios modernos y elegantes hasta acogedores rincones familiares, cada uno de nuestros alojamientos est\u00e1 meticulosamente equipado para satisfacer tus necesidades y preferencias.<\/span><\/p><p><span style=\"font-weight: 400;\">Adem\u00e1s de su ubicaci\u00f3n privilegiada, nuestros apartamentos tur\u00edsticos est\u00e1n equipados con una variedad de servicios y comodidades dise\u00f1ados para mejorar tu experiencia en Benidorm. Desde piscina para darte un buen ba\u00f1o hasta terrazas panor\u00e1micas, cada rinc\u00f3n de nuestras instalaciones est\u00e1 dise\u00f1ado para proporcionarte momentos inolvidables de descanso y recreaci\u00f3n.<\/span><\/p><p><span style=\"font-weight: 400;\">Sum\u00e9rgete en la magia de Benidorm desde nuestros apartamentos tur\u00edsticos y prep\u00e1rate para vivir una experiencia que quedar\u00e1 grabada en tu memoria para siempre. En Benidorm Para\u00edso, te esperamos con los brazos abiertos para ofrecerte una estancia inolvidable en el coraz\u00f3n de esta fascinante ciudad costera.<\/span><\/p>\t\t\t\t\t\t\t\t<\/div>\n\t\t\t\t<\/div>\n\t\t\t\t\t<\/div>\n\t\t<\/div>\n\t\t\t\t\t<\/div>\n\t\t<\/section>\n\t\t\t\t<section class=\"elementor-section elementor-top-section elementor-element elementor-element-7124d5dd elementor-section-boxed elementor-section-height-default elementor-section-height-default\" data-id=\"7124d5dd\" data-element_type=\"section\" data-e-type=\"section\">\n\t\t\t\t\t\t<div class=\"elementor-container elementor-column-gap-default\">\n\t\t\t\t\t<div class=\"elementor-column elementor-col-50 elementor-top-column elementor-element elementor-element-728f6cc0\" data-id=\"728f6cc0\" data-element_type=\"column\" data-e-type=\"column\">\n\t\t\t<div class=\"elementor-widget-wrap elementor-element-populated\">\n\t\t\t\t\t\t<div class=\"elementor-element elementor-element-32e24c32 elementor-align-center elementor-widget elementor-widget-button\" data-id=\"32e24c32\" data-element_type=\"widget\" data-e-type=\"widget\" data-widget_type=\"button.default\">\n\t\t\t\t<div class=\"elementor-widget-container\">\n\t\t\t\t\t\t\t\t\t<div class=\"elementor-button-wrapper\">\n\t\t\t\t\t<a class=\"elementor-button elementor-button-link elementor-size-lg\" href=\"https:\/\/www.benidormparaiso.com\/alquiler\/apartamento-benidorm-paraiso-centro-1-dormitorio-benidormparaiso-413877.html\">\n\t\t\t\t\t\t<span class=\"elementor-button-content-wrapper\">\n\t\t\t\t\t\t\t\t\t<span class=\"elementor-button-text\">Apartamento de 1 habitaci\u00f3n<\/span>\n\t\t\t\t\t<\/span>\n\t\t\t\t\t<\/a>\n\t\t\t\t<\/div>\n\t\t\t\t\t\t\t\t<\/div>\n\t\t\t\t<\/div>\n\t\t\t\t\t<\/div>\n\t\t<\/div>\n\t\t\t\t<div class=\"elementor-column elementor-col-50 elementor-top-column elementor-element elementor-element-240120e7\" data-id=\"240120e7\" data-element_type=\"column\" data-e-type=\"column\">\n\t\t\t<div class=\"elementor-widget-wrap elementor-element-populated\">\n\t\t\t\t\t\t<div class=\"elementor-element elementor-element-286ec3ac elementor-align-center elementor-widget elementor-widget-button\" data-id=\"286ec3ac\" data-element_type=\"widget\" data-e-type=\"widget\" data-widget_type=\"button.default\">\n\t\t\t\t<div class=\"elementor-widget-container\">\n\t\t\t\t\t\t\t\t\t<div class=\"elementor-button-wrapper\">\n\t\t\t\t\t<a class=\"elementor-button elementor-button-link elementor-size-lg\" href=\"https:\/\/www.benidormparaiso.com\/alquiler\/apartamento-benidorm-paraiso-centro-2-dormitorios-benidormparaiso-413891.html\">\n\t\t\t\t\t\t<span class=\"elementor-button-content-wrapper\">\n\t\t\t\t\t\t\t\t\t<span class=\"elementor-button-text\">Apartamento de 2 habitaciones<\/span>\n\t\t\t\t\t<\/span>\n\t\t\t\t\t<\/a>\n\t\t\t\t<\/div>\n\t\t\t\t\t\t\t\t<\/div>\n\t\t\t\t<\/div>\n\t\t\t\t\t<\/div>\n\t\t<\/div>\n\t\t\t\t\t<\/div>\n\t\t<\/section>\n\t\t\t\t<\/div>\n\t\t","protected":false},"excerpt":{"rendered":"<p>Es frecuente buscar alojamientos cerca de la playa en Benidorm, ya que es uno de los  destinos tur\u00edsticos m\u00e1s emblem\u00e1ticos en Espa\u00f1a.<\/p>\n","protected":false},"author":3,"featured_media":531,"comment_status":"open","ping_status":"open","sticky":false,"template":"","format":"standard","meta":{"footnotes":""},"categories":[35],"tags":[36,29],"class_list":["post-530","post","type-post","status-publish","format-standard","has-post-thumbnail","hentry","category-benidorm","tag-alojamientos-cerca-de-la-playa-en-benidorm","tag-vacaciones-en-benidorm"],"yoast_head":"<!-- This site is optimized with the Yoast SEO plugin v27.4 - https:\/\/yoast.com\/product\/yoast-seo-wordpress\/ -->\n<title>Alojamientos cerca de la playa en Benidorm\u00a0 - Blog | Lo mejor de Benidorm<\/title>\n<meta name=\"description\" content=\"Es frecuente buscar alojamientos cerca de la playa en Benidorm, ya que es uno de los destinos tur\u00edsticos m\u00e1s emblem\u00e1ticos en Espa\u00f1a.\" \/>\n<meta name=\"robots\" content=\"index, follow, max-snippet:-1, max-image-preview:large, max-video-preview:-1\" \/>\n<link rel=\"canonical\" href=\"https:\/\/www.benidormparaiso.com\/blog\/alojamientos-cerca-de-la-playa-en-benidorm\/\" \/>\n<meta property=\"og:locale\" content=\"es_ES\" \/>\n<meta property=\"og:type\" content=\"article\" \/>\n<meta property=\"og:title\" content=\"Alojamientos cerca de la playa en Benidorm\u00a0 - Blog | Lo mejor de Benidorm\" \/>\n<meta property=\"og:description\" content=\"Es frecuente buscar alojamientos cerca de la playa en Benidorm, ya que es uno de los destinos tur\u00edsticos m\u00e1s emblem\u00e1ticos en Espa\u00f1a.\" \/>\n<meta property=\"og:url\" content=\"https:\/\/www.benidormparaiso.com\/blog\/alojamientos-cerca-de-la-playa-en-benidorm\/\" \/>\n<meta property=\"og:site_name\" content=\"Blog | Lo mejor de Benidorm\" \/>\n<meta property=\"article:published_time\" content=\"2024-04-12T09:18:56+00:00\" \/>\n<meta property=\"article:modified_time\" content=\"2024-07-16T12:14:33+00:00\" \/>\n<meta property=\"og:image\" content=\"https:\/\/www.benidormparaiso.com\/blog\/wp-content\/uploads\/2024\/04\/Alojamientos-cerca-de-la-playa-en-Benidorm.jpg\" \/>\n\t<meta property=\"og:image:width\" content=\"1920\" \/>\n\t<meta property=\"og:image:height\" content=\"650\" \/>\n\t<meta property=\"og:image:type\" content=\"image\/jpeg\" \/>\n<meta name=\"author\" content=\"digitalservices\" \/>\n<meta name=\"twitter:card\" content=\"summary_large_image\" \/>\n<meta name=\"twitter:label1\" content=\"Written by\" \/>\n\t<meta name=\"twitter:data1\" content=\"digitalservices\" \/>\n\t<meta name=\"twitter:label2\" content=\"Est. reading time\" \/>\n\t<meta name=\"twitter:data2\" content=\"5 minutes\" \/>\n<script type=\"application\/ld+json\" class=\"yoast-schema-graph\">{\"@context\":\"https:\\\/\\\/schema.org\",\"@graph\":[{\"@type\":\"Article\",\"@id\":\"https:\\\/\\\/www.benidormparaiso.com\\\/blog\\\/alojamientos-cerca-de-la-playa-en-benidorm\\\/#article\",\"isPartOf\":{\"@id\":\"https:\\\/\\\/www.benidormparaiso.com\\\/blog\\\/alojamientos-cerca-de-la-playa-en-benidorm\\\/\"},\"author\":{\"name\":\"digitalservices\",\"@id\":\"https:\\\/\\\/www.benidormparaiso.com\\\/blog\\\/#\\\/schema\\\/person\\\/66ccecad2075718998118caf9f883bc3\"},\"headline\":\"Alojamientos cerca de la playa en Benidorm\u00a0\",\"datePublished\":\"2024-04-12T09:18:56+00:00\",\"dateModified\":\"2024-07-16T12:14:33+00:00\",\"mainEntityOfPage\":{\"@id\":\"https:\\\/\\\/www.benidormparaiso.com\\\/blog\\\/alojamientos-cerca-de-la-playa-en-benidorm\\\/\"},\"wordCount\":733,\"commentCount\":0,\"publisher\":{\"@id\":\"https:\\\/\\\/www.benidormparaiso.com\\\/blog\\\/#organization\"},\"image\":{\"@id\":\"https:\\\/\\\/www.benidormparaiso.com\\\/blog\\\/alojamientos-cerca-de-la-playa-en-benidorm\\\/#primaryimage\"},\"thumbnailUrl\":\"https:\\\/\\\/www.benidormparaiso.com\\\/blog\\\/wp-content\\\/uploads\\\/2024\\\/04\\\/Alojamientos-cerca-de-la-playa-en-Benidorm.jpg\",\"keywords\":[\"alojamientos cerca de la playa en Benidorm\",\"Vacaciones en Benidorm\"],\"articleSection\":[\"Benidorm\"],\"inLanguage\":\"es\",\"potentialAction\":[{\"@type\":\"CommentAction\",\"name\":\"Comment\",\"target\":[\"https:\\\/\\\/www.benidormparaiso.com\\\/blog\\\/alojamientos-cerca-de-la-playa-en-benidorm\\\/#respond\"]}]},{\"@type\":\"WebPage\",\"@id\":\"https:\\\/\\\/www.benidormparaiso.com\\\/blog\\\/alojamientos-cerca-de-la-playa-en-benidorm\\\/\",\"url\":\"https:\\\/\\\/www.benidormparaiso.com\\\/blog\\\/alojamientos-cerca-de-la-playa-en-benidorm\\\/\",\"name\":\"Alojamientos cerca de la playa en Benidorm\u00a0 - Blog | Lo mejor de Benidorm\",\"isPartOf\":{\"@id\":\"https:\\\/\\\/www.benidormparaiso.com\\\/blog\\\/#website\"},\"primaryImageOfPage\":{\"@id\":\"https:\\\/\\\/www.benidormparaiso.com\\\/blog\\\/alojamientos-cerca-de-la-playa-en-benidorm\\\/#primaryimage\"},\"image\":{\"@id\":\"https:\\\/\\\/www.benidormparaiso.com\\\/blog\\\/alojamientos-cerca-de-la-playa-en-benidorm\\\/#primaryimage\"},\"thumbnailUrl\":\"https:\\\/\\\/www.benidormparaiso.com\\\/blog\\\/wp-content\\\/uploads\\\/2024\\\/04\\\/Alojamientos-cerca-de-la-playa-en-Benidorm.jpg\",\"datePublished\":\"2024-04-12T09:18:56+00:00\",\"dateModified\":\"2024-07-16T12:14:33+00:00\",\"description\":\"Es frecuente buscar alojamientos cerca de la playa en Benidorm, ya que es uno de los destinos tur\u00edsticos m\u00e1s emblem\u00e1ticos en Espa\u00f1a.\",\"breadcrumb\":{\"@id\":\"https:\\\/\\\/www.benidormparaiso.com\\\/blog\\\/alojamientos-cerca-de-la-playa-en-benidorm\\\/#breadcrumb\"},\"inLanguage\":\"es\",\"potentialAction\":[{\"@type\":\"ReadAction\",\"target\":[\"https:\\\/\\\/www.benidormparaiso.com\\\/blog\\\/alojamientos-cerca-de-la-playa-en-benidorm\\\/\"]}]},{\"@type\":\"ImageObject\",\"inLanguage\":\"es\",\"@id\":\"https:\\\/\\\/www.benidormparaiso.com\\\/blog\\\/alojamientos-cerca-de-la-playa-en-benidorm\\\/#primaryimage\",\"url\":\"https:\\\/\\\/www.benidormparaiso.com\\\/blog\\\/wp-content\\\/uploads\\\/2024\\\/04\\\/Alojamientos-cerca-de-la-playa-en-Benidorm.jpg\",\"contentUrl\":\"https:\\\/\\\/www.benidormparaiso.com\\\/blog\\\/wp-content\\\/uploads\\\/2024\\\/04\\\/Alojamientos-cerca-de-la-playa-en-Benidorm.jpg\",\"width\":1920,\"height\":650,\"caption\":\"Alojamientos cerca de la playa en Benidorm\"},{\"@type\":\"BreadcrumbList\",\"@id\":\"https:\\\/\\\/www.benidormparaiso.com\\\/blog\\\/alojamientos-cerca-de-la-playa-en-benidorm\\\/#breadcrumb\",\"itemListElement\":[{\"@type\":\"ListItem\",\"position\":1,\"name\":\"Home\",\"item\":\"https:\\\/\\\/www.benidormparaiso.com\\\/blog\\\/en\\\/\"},{\"@type\":\"ListItem\",\"position\":2,\"name\":\"Alojamientos cerca de la playa en Benidorm\u00a0\"}]},{\"@type\":\"WebSite\",\"@id\":\"https:\\\/\\\/www.benidormparaiso.com\\\/blog\\\/#website\",\"url\":\"https:\\\/\\\/www.benidormparaiso.com\\\/blog\\\/\",\"name\":\"Blog | Lo mejor de Benidorm\",\"description\":\"Benidormparaiso\",\"publisher\":{\"@id\":\"https:\\\/\\\/www.benidormparaiso.com\\\/blog\\\/#organization\"},\"potentialAction\":[{\"@type\":\"SearchAction\",\"target\":{\"@type\":\"EntryPoint\",\"urlTemplate\":\"https:\\\/\\\/www.benidormparaiso.com\\\/blog\\\/?s={search_term_string}\"},\"query-input\":{\"@type\":\"PropertyValueSpecification\",\"valueRequired\":true,\"valueName\":\"search_term_string\"}}],\"inLanguage\":\"es\"},{\"@type\":\"Organization\",\"@id\":\"https:\\\/\\\/www.benidormparaiso.com\\\/blog\\\/#organization\",\"name\":\"Blog | Lo mejor de Benidorm\",\"url\":\"https:\\\/\\\/www.benidormparaiso.com\\\/blog\\\/\",\"logo\":{\"@type\":\"ImageObject\",\"inLanguage\":\"es\",\"@id\":\"https:\\\/\\\/www.benidormparaiso.com\\\/blog\\\/#\\\/schema\\\/logo\\\/image\\\/\",\"url\":\"https:\\\/\\\/www.benidormparaiso.com\\\/blog\\\/wp-content\\\/uploads\\\/2023\\\/08\\\/logo-10.png\",\"contentUrl\":\"https:\\\/\\\/www.benidormparaiso.com\\\/blog\\\/wp-content\\\/uploads\\\/2023\\\/08\\\/logo-10.png\",\"width\":350,\"height\":354,\"caption\":\"Blog | Lo mejor de Benidorm\"},\"image\":{\"@id\":\"https:\\\/\\\/www.benidormparaiso.com\\\/blog\\\/#\\\/schema\\\/logo\\\/image\\\/\"}},{\"@type\":\"Person\",\"@id\":\"https:\\\/\\\/www.benidormparaiso.com\\\/blog\\\/#\\\/schema\\\/person\\\/66ccecad2075718998118caf9f883bc3\",\"name\":\"digitalservices\",\"image\":{\"@type\":\"ImageObject\",\"inLanguage\":\"es\",\"@id\":\"https:\\\/\\\/secure.gravatar.com\\\/avatar\\\/af30f88a1904294c1f3eb09a9d7903eec4ffa18fa2cf40c28a8681014ecdfc20?s=96&d=mm&r=g\",\"url\":\"https:\\\/\\\/secure.gravatar.com\\\/avatar\\\/af30f88a1904294c1f3eb09a9d7903eec4ffa18fa2cf40c28a8681014ecdfc20?s=96&d=mm&r=g\",\"contentUrl\":\"https:\\\/\\\/secure.gravatar.com\\\/avatar\\\/af30f88a1904294c1f3eb09a9d7903eec4ffa18fa2cf40c28a8681014ecdfc20?s=96&d=mm&r=g\",\"caption\":\"digitalservices\"},\"url\":\"https:\\\/\\\/www.benidormparaiso.com\\\/blog\\\/author\\\/digitalservices\\\/\"}]}<\/script>\n<!-- \/ Yoast SEO plugin. -->","yoast_head_json":{"title":"Alojamientos cerca de la playa en Benidorm\u00a0 - Blog | Lo mejor de Benidorm","description":"Es frecuente buscar alojamientos cerca de la playa en Benidorm, ya que es uno de los destinos tur\u00edsticos m\u00e1s emblem\u00e1ticos en Espa\u00f1a.","robots":{"index":"index","follow":"follow","max-snippet":"max-snippet:-1","max-image-preview":"max-image-preview:large","max-video-preview":"max-video-preview:-1"},"canonical":"https:\/\/www.benidormparaiso.com\/blog\/alojamientos-cerca-de-la-playa-en-benidorm\/","og_locale":"es_ES","og_type":"article","og_title":"Alojamientos cerca de la playa en Benidorm\u00a0 - Blog | Lo mejor de Benidorm","og_description":"Es frecuente buscar alojamientos cerca de la playa en Benidorm, ya que es uno de los destinos tur\u00edsticos m\u00e1s emblem\u00e1ticos en Espa\u00f1a.","og_url":"https:\/\/www.benidormparaiso.com\/blog\/alojamientos-cerca-de-la-playa-en-benidorm\/","og_site_name":"Blog | Lo mejor de Benidorm","article_published_time":"2024-04-12T09:18:56+00:00","article_modified_time":"2024-07-16T12:14:33+00:00","og_image":[{"width":1920,"height":650,"url":"https:\/\/www.benidormparaiso.com\/blog\/wp-content\/uploads\/2024\/04\/Alojamientos-cerca-de-la-playa-en-Benidorm.jpg","type":"image\/jpeg"}],"author":"digitalservices","twitter_card":"summary_large_image","twitter_misc":{"Written by":"digitalservices","Est. reading time":"5 minutes"},"schema":{"@context":"https:\/\/schema.org","@graph":[{"@type":"Article","@id":"https:\/\/www.benidormparaiso.com\/blog\/alojamientos-cerca-de-la-playa-en-benidorm\/#article","isPartOf":{"@id":"https:\/\/www.benidormparaiso.com\/blog\/alojamientos-cerca-de-la-playa-en-benidorm\/"},"author":{"name":"digitalservices","@id":"https:\/\/www.benidormparaiso.com\/blog\/#\/schema\/person\/66ccecad2075718998118caf9f883bc3"},"headline":"Alojamientos cerca de la playa en Benidorm\u00a0","datePublished":"2024-04-12T09:18:56+00:00","dateModified":"2024-07-16T12:14:33+00:00","mainEntityOfPage":{"@id":"https:\/\/www.benidormparaiso.com\/blog\/alojamientos-cerca-de-la-playa-en-benidorm\/"},"wordCount":733,"commentCount":0,"publisher":{"@id":"https:\/\/www.benidormparaiso.com\/blog\/#organization"},"image":{"@id":"https:\/\/www.benidormparaiso.com\/blog\/alojamientos-cerca-de-la-playa-en-benidorm\/#primaryimage"},"thumbnailUrl":"https:\/\/www.benidormparaiso.com\/blog\/wp-content\/uploads\/2024\/04\/Alojamientos-cerca-de-la-playa-en-Benidorm.jpg","keywords":["alojamientos cerca de la playa en Benidorm","Vacaciones en Benidorm"],"articleSection":["Benidorm"],"inLanguage":"es","potentialAction":[{"@type":"CommentAction","name":"Comment","target":["https:\/\/www.benidormparaiso.com\/blog\/alojamientos-cerca-de-la-playa-en-benidorm\/#respond"]}]},{"@type":"WebPage","@id":"https:\/\/www.benidormparaiso.com\/blog\/alojamientos-cerca-de-la-playa-en-benidorm\/","url":"https:\/\/www.benidormparaiso.com\/blog\/alojamientos-cerca-de-la-playa-en-benidorm\/","name":"Alojamientos cerca de la playa en Benidorm\u00a0 - Blog | Lo mejor de Benidorm","isPartOf":{"@id":"https:\/\/www.benidormparaiso.com\/blog\/#website"},"primaryImageOfPage":{"@id":"https:\/\/www.benidormparaiso.com\/blog\/alojamientos-cerca-de-la-playa-en-benidorm\/#primaryimage"},"image":{"@id":"https:\/\/www.benidormparaiso.com\/blog\/alojamientos-cerca-de-la-playa-en-benidorm\/#primaryimage"},"thumbnailUrl":"https:\/\/www.benidormparaiso.com\/blog\/wp-content\/uploads\/2024\/04\/Alojamientos-cerca-de-la-playa-en-Benidorm.jpg","datePublished":"2024-04-12T09:18:56+00:00","dateModified":"2024-07-16T12:14:33+00:00","description":"Es frecuente buscar alojamientos cerca de la playa en Benidorm, ya que es uno de los destinos tur\u00edsticos m\u00e1s emblem\u00e1ticos en Espa\u00f1a.","breadcrumb":{"@id":"https:\/\/www.benidormparaiso.com\/blog\/alojamientos-cerca-de-la-playa-en-benidorm\/#breadcrumb"},"inLanguage":"es","potentialAction":[{"@type":"ReadAction","target":["https:\/\/www.benidormparaiso.com\/blog\/alojamientos-cerca-de-la-playa-en-benidorm\/"]}]},{"@type":"ImageObject","inLanguage":"es","@id":"https:\/\/www.benidormparaiso.com\/blog\/alojamientos-cerca-de-la-playa-en-benidorm\/#primaryimage","url":"https:\/\/www.benidormparaiso.com\/blog\/wp-content\/uploads\/2024\/04\/Alojamientos-cerca-de-la-playa-en-Benidorm.jpg","contentUrl":"https:\/\/www.benidormparaiso.com\/blog\/wp-content\/uploads\/2024\/04\/Alojamientos-cerca-de-la-playa-en-Benidorm.jpg","width":1920,"height":650,"caption":"Alojamientos cerca de la playa en Benidorm"},{"@type":"BreadcrumbList","@id":"https:\/\/www.benidormparaiso.com\/blog\/alojamientos-cerca-de-la-playa-en-benidorm\/#breadcrumb","itemListElement":[{"@type":"ListItem","position":1,"name":"Home","item":"https:\/\/www.benidormparaiso.com\/blog\/en\/"},{"@type":"ListItem","position":2,"name":"Alojamientos cerca de la playa en Benidorm\u00a0"}]},{"@type":"WebSite","@id":"https:\/\/www.benidormparaiso.com\/blog\/#website","url":"https:\/\/www.benidormparaiso.com\/blog\/","name":"Blog | Lo mejor de Benidorm","description":"Benidormparaiso","publisher":{"@id":"https:\/\/www.benidormparaiso.com\/blog\/#organization"},"potentialAction":[{"@type":"SearchAction","target":{"@type":"EntryPoint","urlTemplate":"https:\/\/www.benidormparaiso.com\/blog\/?s={search_term_string}"},"query-input":{"@type":"PropertyValueSpecification","valueRequired":true,"valueName":"search_term_string"}}],"inLanguage":"es"},{"@type":"Organization","@id":"https:\/\/www.benidormparaiso.com\/blog\/#organization","name":"Blog | Lo mejor de Benidorm","url":"https:\/\/www.benidormparaiso.com\/blog\/","logo":{"@type":"ImageObject","inLanguage":"es","@id":"https:\/\/www.benidormparaiso.com\/blog\/#\/schema\/logo\/image\/","url":"https:\/\/www.benidormparaiso.com\/blog\/wp-content\/uploads\/2023\/08\/logo-10.png","contentUrl":"https:\/\/www.benidormparaiso.com\/blog\/wp-content\/uploads\/2023\/08\/logo-10.png","width":350,"height":354,"caption":"Blog | Lo mejor de Benidorm"},"image":{"@id":"https:\/\/www.benidormparaiso.com\/blog\/#\/schema\/logo\/image\/"}},{"@type":"Person","@id":"https:\/\/www.benidormparaiso.com\/blog\/#\/schema\/person\/66ccecad2075718998118caf9f883bc3","name":"digitalservices","image":{"@type":"ImageObject","inLanguage":"es","@id":"https:\/\/secure.gravatar.com\/avatar\/af30f88a1904294c1f3eb09a9d7903eec4ffa18fa2cf40c28a8681014ecdfc20?s=96&d=mm&r=g","url":"https:\/\/secure.gravatar.com\/avatar\/af30f88a1904294c1f3eb09a9d7903eec4ffa18fa2cf40c28a8681014ecdfc20?s=96&d=mm&r=g","contentUrl":"https:\/\/secure.gravatar.com\/avatar\/af30f88a1904294c1f3eb09a9d7903eec4ffa18fa2cf40c28a8681014ecdfc20?s=96&d=mm&r=g","caption":"digitalservices"},"url":"https:\/\/www.benidormparaiso.com\/blog\/author\/digitalservices\/"}]}},"_links":{"self":[{"href":"https:\/\/www.benidormparaiso.com\/blog\/wp-json\/wp\/v2\/posts\/530","targetHints":{"allow":["GET"]}}],"collection":[{"href":"https:\/\/www.benidormparaiso.com\/blog\/wp-json\/wp\/v2\/posts"}],"about":[{"href":"https:\/\/www.benidormparaiso.com\/blog\/wp-json\/wp\/v2\/types\/post"}],"author":[{"embeddable":true,"href":"https:\/\/www.benidormparaiso.com\/blog\/wp-json\/wp\/v2\/users\/3"}],"replies":[{"embeddable":true,"href":"https:\/\/www.benidormparaiso.com\/blog\/wp-json\/wp\/v2\/comments?post=530"}],"version-history":[{"count":8,"href":"https:\/\/www.benidormparaiso.com\/blog\/wp-json\/wp\/v2\/posts\/530\/revisions"}],"predecessor-version":[{"id":731,"href":"https:\/\/www.benidormparaiso.com\/blog\/wp-json\/wp\/v2\/posts\/530\/revisions\/731"}],"wp:featuredmedia":[{"embeddable":true,"href":"https:\/\/www.benidormparaiso.com\/blog\/wp-json\/wp\/v2\/media\/531"}],"wp:attachment":[{"href":"https:\/\/www.benidormparaiso.com\/blog\/wp-json\/wp\/v2\/media?parent=530"}],"wp:term":[{"taxonomy":"category","embeddable":true,"href":"https:\/\/www.benidormparaiso.com\/blog\/wp-json\/wp\/v2\/categories?post=530"},{"taxonomy":"post_tag","embeddable":true,"href":"https:\/\/www.benidormparaiso.com\/blog\/wp-json\/wp\/v2\/tags?post=530"}],"curies":[{"name":"wp","href":"https:\/\/api.w.org\/{rel}","templated":true}]}}