{"id":579,"date":"2024-05-16T08:52:10","date_gmt":"2024-05-16T08:52:10","guid":{"rendered":"https:\/\/www.benidormparaiso.com\/blog\/?p=579"},"modified":"2026-03-04T15:44:12","modified_gmt":"2026-03-04T15:44:12","slug":"mercadillos-benidorm","status":"publish","type":"post","link":"https:\/\/www.benidormparaiso.com\/blog\/mercadillos-benidorm\/","title":{"rendered":"Explora los Mercadillos de Benidorm"},"content":{"rendered":"\t\t<div data-elementor-type=\"wp-post\" data-elementor-id=\"579\" class=\"elementor elementor-579\" data-elementor-post-type=\"post\">\n\t\t\t\t\t\t<section class=\"elementor-section elementor-top-section elementor-element elementor-element-145a91c2 elementor-section-boxed elementor-section-height-default elementor-section-height-default\" data-id=\"145a91c2\" data-element_type=\"section\" data-e-type=\"section\">\n\t\t\t\t\t\t<div class=\"elementor-container elementor-column-gap-default\">\n\t\t\t\t\t<div class=\"elementor-column elementor-col-100 elementor-top-column elementor-element elementor-element-1f98a355\" data-id=\"1f98a355\" data-element_type=\"column\" data-e-type=\"column\">\n\t\t\t<div class=\"elementor-widget-wrap elementor-element-populated\">\n\t\t\t\t\t\t<div class=\"elementor-element elementor-element-26056512 elementor-widget elementor-widget-text-editor\" data-id=\"26056512\" data-element_type=\"widget\" data-e-type=\"widget\" data-widget_type=\"text-editor.default\">\n\t\t\t\t<div class=\"elementor-widget-container\">\n\t\t\t\t\t\t\t\t\t<p><span style=\"font-weight: 400;\">Hay ciertas cosas que saltan a la mente cuando pensamos en <\/span><b>Benidorm<\/b><span style=\"font-weight: 400;\">: sus playas, las vistas desde el <\/span><b>Balc\u00f3n del Mediterr\u00e1neo<\/b><span style=\"font-weight: 400;\">, el parque de atracciones <\/span><b>Terra M\u00edtica<\/b><span style=\"font-weight: 400;\">, la animada vida nocturna, el <\/span><i><span style=\"font-weight: 400;\">skyline<\/span><\/i><span style=\"font-weight: 400;\"> impresionante formado por grandes rascacielos\u2026 Pero hay otra cosa que no suele faltar en cualquier lista de planes en Benidorm: <\/span><b>los mercadillos<\/b><span style=\"font-weight: 400;\">.\u00a0<\/span><\/p><p><span style=\"font-weight: 400;\">Si est\u00e1s planeando un <\/span><b>viaje a Benidorm<\/b><span style=\"font-weight: 400;\">, visitar uno de sus varios <\/span><b>mercadillos <\/b><span style=\"font-weight: 400;\">es algo que recomendamos, ya que ofrecen muchas opciones para pasar un buen rato. Buscar gangas de segunda mano, comprar productos regionales frescos, tomar el aperitivo con amigos o comprar alg\u00fan recuerdo de tu viaje. Aqu\u00ed te contamos cu\u00e1les son <\/span><b>los mejores mercadillos de Benidorm<\/b><span style=\"font-weight: 400;\">.<\/span><\/p>\t\t\t\t\t\t\t\t<\/div>\n\t\t\t\t<\/div>\n\t\t\t\t\t<\/div>\n\t\t<\/div>\n\t\t\t\t\t<\/div>\n\t\t<\/section>\n\t\t\t\t<section class=\"elementor-section elementor-top-section elementor-element elementor-element-58f025a elementor-section-boxed elementor-section-height-default elementor-section-height-default\" data-id=\"58f025a\" data-element_type=\"section\" data-e-type=\"section\">\n\t\t\t\t\t\t<div class=\"elementor-container elementor-column-gap-default\">\n\t\t\t\t\t<div class=\"elementor-column elementor-col-100 elementor-top-column elementor-element elementor-element-fa849f6\" data-id=\"fa849f6\" data-element_type=\"column\" data-e-type=\"column\">\n\t\t\t<div class=\"elementor-widget-wrap elementor-element-populated\">\n\t\t\t\t\t\t<div class=\"elementor-element elementor-element-32b63a1 elementor-align-center elementor-widget elementor-widget-button\" data-id=\"32b63a1\" data-element_type=\"widget\" data-e-type=\"widget\" data-widget_type=\"button.default\">\n\t\t\t\t<div class=\"elementor-widget-container\">\n\t\t\t\t\t\t\t\t\t<div class=\"elementor-button-wrapper\">\n\t\t\t\t\t<a class=\"elementor-button elementor-button-link elementor-size-sm\" href=\"#alojamientos%20\">\n\t\t\t\t\t\t<span class=\"elementor-button-content-wrapper\">\n\t\t\t\t\t\t\t\t\t<span class=\"elementor-button-text\">Encuentra tu alojamiento en Benidorm<\/span>\n\t\t\t\t\t<\/span>\n\t\t\t\t\t<\/a>\n\t\t\t\t<\/div>\n\t\t\t\t\t\t\t\t<\/div>\n\t\t\t\t<\/div>\n\t\t\t\t\t<\/div>\n\t\t<\/div>\n\t\t\t\t\t<\/div>\n\t\t<\/section>\n\t\t\t\t<section class=\"elementor-section elementor-top-section elementor-element elementor-element-612ba315 elementor-section-boxed elementor-section-height-default elementor-section-height-default\" data-id=\"612ba315\" data-element_type=\"section\" data-e-type=\"section\">\n\t\t\t\t\t\t<div class=\"elementor-container elementor-column-gap-default\">\n\t\t\t\t\t<div class=\"elementor-column elementor-col-100 elementor-top-column elementor-element elementor-element-58f8e4e2\" data-id=\"58f8e4e2\" data-element_type=\"column\" data-e-type=\"column\">\n\t\t\t<div class=\"elementor-widget-wrap elementor-element-populated\">\n\t\t\t\t\t\t<div class=\"elementor-element elementor-element-527b3528 elementor-widget elementor-widget-table-of-contents\" data-id=\"527b3528\" data-element_type=\"widget\" data-e-type=\"widget\" data-settings=\"{&quot;headings_by_tags&quot;:[&quot;h2&quot;,&quot;h3&quot;],&quot;exclude_headings_by_selector&quot;:[],&quot;marker_view&quot;:&quot;bullets&quot;,&quot;icon&quot;:{&quot;value&quot;:&quot;&quot;,&quot;library&quot;:&quot;&quot;},&quot;no_headings_message&quot;:&quot;No headings were found on this page.&quot;,&quot;hierarchical_view&quot;:&quot;yes&quot;,&quot;min_height&quot;:{&quot;unit&quot;:&quot;px&quot;,&quot;size&quot;:&quot;&quot;,&quot;sizes&quot;:[]},&quot;min_height_tablet&quot;:{&quot;unit&quot;:&quot;px&quot;,&quot;size&quot;:&quot;&quot;,&quot;sizes&quot;:[]},&quot;min_height_mobile&quot;:{&quot;unit&quot;:&quot;px&quot;,&quot;size&quot;:&quot;&quot;,&quot;sizes&quot;:[]}}\" data-widget_type=\"table-of-contents.default\">\n\t\t\t\t<div class=\"elementor-widget-container\">\n\t\t\t\t\t\t\t\t\t<div class=\"elementor-toc__header\">\n\t\t\t\t\t\t<div class=\"elementor-toc__header-title\">\n\t\t\t\t\u00cdndice\t\t\t<\/div>\n\t\t\t\t\t\t\t\t<\/div>\n\t\t\t\t<div id=\"elementor-toc__527b3528\" class=\"elementor-toc__body\">\n\t\t\t<div class=\"elementor-toc__spinner-container\">\n\t\t\t\t<i class=\"elementor-toc__spinner eicon-animation-spin eicon-loading\" aria-hidden=\"true\"><\/i>\t\t\t<\/div>\n\t\t<\/div>\n\t\t\t\t\t\t<\/div>\n\t\t\t\t<\/div>\n\t\t\t\t\t<\/div>\n\t\t<\/div>\n\t\t\t\t\t<\/div>\n\t\t<\/section>\n\t\t\t\t<section class=\"elementor-section elementor-top-section elementor-element elementor-element-4465dea elementor-section-boxed elementor-section-height-default elementor-section-height-default\" data-id=\"4465dea\" data-element_type=\"section\" data-e-type=\"section\">\n\t\t\t\t\t\t<div class=\"elementor-container elementor-column-gap-default\">\n\t\t\t\t\t<div class=\"elementor-column elementor-col-100 elementor-top-column elementor-element elementor-element-8d00a75\" data-id=\"8d00a75\" data-element_type=\"column\" data-e-type=\"column\">\n\t\t\t<div class=\"elementor-widget-wrap elementor-element-populated\">\n\t\t\t\t\t\t<div class=\"elementor-element elementor-element-f33e7cc elementor-widget elementor-widget-heading\" data-id=\"f33e7cc\" data-element_type=\"widget\" data-e-type=\"widget\" data-widget_type=\"heading.default\">\n\t\t\t\t<div class=\"elementor-widget-container\">\n\t\t\t\t\t<h2 class=\"elementor-heading-title elementor-size-default\">Los Mejores Mercadillos de Benidorm\n<\/h2>\t\t\t\t<\/div>\n\t\t\t\t<\/div>\n\t\t\t\t<div class=\"elementor-element elementor-element-c20dd0d elementor-widget elementor-widget-text-editor\" data-id=\"c20dd0d\" data-element_type=\"widget\" data-e-type=\"widget\" data-widget_type=\"text-editor.default\">\n\t\t\t\t<div class=\"elementor-widget-container\">\n\t\t\t\t\t\t\t\t\t<p><span style=\"font-weight: 400\">Los turistas recurrentes de la Costa Blanca ya conocen los famosos mercadillos de Benidorm y seguramente tengan su favorito. Es uno de los atractivos de esta ciudad con tantos puntos de inter\u00e9s, y es que permiten hacer tantas cosas diferentes que son casi inevitables. Desde hacer la compra del d\u00eda a d\u00eda, en el caso de los visitantes que se alojan en apartamentos o casas, hasta tomar un aperitivo antes de salir a comer en alguno de los muchos restaurantes de la ciudad, los mercadillos de Benidorm son parte de su encanto.<\/span><\/p>\t\t\t\t\t\t\t\t<\/div>\n\t\t\t\t<\/div>\n\t\t\t\t\t<\/div>\n\t\t<\/div>\n\t\t\t\t\t<\/div>\n\t\t<\/section>\n\t\t\t\t<section class=\"elementor-section elementor-top-section elementor-element elementor-element-2a7e6b5 elementor-section-boxed elementor-section-height-default elementor-section-height-default\" data-id=\"2a7e6b5\" data-element_type=\"section\" data-e-type=\"section\">\n\t\t\t\t\t\t<div class=\"elementor-container elementor-column-gap-default\">\n\t\t\t\t\t<div class=\"elementor-column elementor-col-100 elementor-top-column elementor-element elementor-element-1fd05bf\" data-id=\"1fd05bf\" data-element_type=\"column\" data-e-type=\"column\">\n\t\t\t<div class=\"elementor-widget-wrap elementor-element-populated\">\n\t\t\t\t\t\t<div class=\"elementor-element elementor-element-4e64aee elementor-widget elementor-widget-heading\" data-id=\"4e64aee\" data-element_type=\"widget\" data-e-type=\"widget\" data-widget_type=\"heading.default\">\n\t\t\t\t<div class=\"elementor-widget-container\">\n\t\t\t\t\t<h3 class=\"elementor-heading-title elementor-size-default\">El Rastro de Benidorm <\/h3>\t\t\t\t<\/div>\n\t\t\t\t<\/div>\n\t\t\t\t<div class=\"elementor-element elementor-element-5513b64 elementor-widget elementor-widget-text-editor\" data-id=\"5513b64\" data-element_type=\"widget\" data-e-type=\"widget\" data-widget_type=\"text-editor.default\">\n\t\t\t\t<div class=\"elementor-widget-container\">\n\t\t\t\t\t\t\t\t\t<p><span style=\"font-weight: 400;\">El denominado Rastro de Benidorm se llama, en realidad, <\/span><b>Antig\u00fcedades El Cisne <\/b><span style=\"font-weight: 400;\">y est\u00e1 ubicado en la Avenida de la Comunitat Valenciana.\u00a0<\/span><\/p>\t\t\t\t\t\t\t\t<\/div>\n\t\t\t\t<\/div>\n\t\t\t\t\t<\/div>\n\t\t<\/div>\n\t\t\t\t\t<\/div>\n\t\t<\/section>\n\t\t\t\t<section class=\"elementor-section elementor-top-section elementor-element elementor-element-50efbf1 elementor-section-boxed elementor-section-height-default elementor-section-height-default\" data-id=\"50efbf1\" data-element_type=\"section\" data-e-type=\"section\">\n\t\t\t\t\t\t<div class=\"elementor-container elementor-column-gap-default\">\n\t\t\t\t\t<div class=\"elementor-column elementor-col-50 elementor-top-column elementor-element elementor-element-9cca368\" data-id=\"9cca368\" data-element_type=\"column\" data-e-type=\"column\">\n\t\t\t<div class=\"elementor-widget-wrap elementor-element-populated\">\n\t\t\t\t\t\t<div class=\"elementor-element elementor-element-deece3d elementor-widget elementor-widget-text-editor\" data-id=\"deece3d\" data-element_type=\"widget\" data-e-type=\"widget\" data-widget_type=\"text-editor.default\">\n\t\t\t\t<div class=\"elementor-widget-container\">\n\t\t\t\t\t\t\t\t\t<p><span style=\"font-weight: 400;\">Como curiosidad, te contamos que se llama as\u00ed porque se encuentra muy cerca de un anticuario llamado Cisne. Abre los jueves, s\u00e1bados y, como otros mercadillos de Benidorm tambi\u00e9n los domingos, todo el a\u00f1o, <\/span><b>de 9h00 a 14h00<\/b><span style=\"font-weight: 400;\">, as\u00ed que tambi\u00e9n es perfecto para una ma\u00f1ana de compras y un aperitivo antes de salir a comer. Es algo m\u00e1s peque\u00f1o que los dos anteriores, pero sus 200 puestos est\u00e1n llenos de antig\u00fcedades, art\u00edculos de colecci\u00f3n, decoraci\u00f3n, segunda mano, ropa vintage, etc. \u00a1En su \u00e1rea de restauraci\u00f3n suele haber m\u00fasica en directo! Si quieres usar el transporte p\u00fablico para visitarlo, puedes coger la l\u00ednea 10 de autobuses urbanos.<\/span><\/p>\t\t\t\t\t\t\t\t<\/div>\n\t\t\t\t<\/div>\n\t\t\t\t\t<\/div>\n\t\t<\/div>\n\t\t\t\t<div class=\"elementor-column elementor-col-50 elementor-top-column elementor-element elementor-element-1b36a61\" data-id=\"1b36a61\" data-element_type=\"column\" data-e-type=\"column\">\n\t\t\t<div class=\"elementor-widget-wrap elementor-element-populated\">\n\t\t\t\t\t\t<div class=\"elementor-element elementor-element-51683f1 elementor-widget elementor-widget-image\" data-id=\"51683f1\" data-element_type=\"widget\" data-e-type=\"widget\" data-widget_type=\"image.default\">\n\t\t\t\t<div class=\"elementor-widget-container\">\n\t\t\t\t\t\t\t\t\t\t\t\t\t\t\t<img decoding=\"async\" src=\"https:\/\/www.benidormparaiso.com\/blog\/wp-content\/uploads\/2024\/05\/El-Rastro-de-Benidorm-\u200b-751x430.jpg\" title=\"El Rastro de Benidorm \u200b\" alt=\"El Rastro de Benidorm \u200b\" loading=\"lazy\" \/>\t\t\t\t\t\t\t\t\t\t\t\t\t\t\t<\/div>\n\t\t\t\t<\/div>\n\t\t\t\t\t<\/div>\n\t\t<\/div>\n\t\t\t\t\t<\/div>\n\t\t<\/section>\n\t\t\t\t<section class=\"elementor-section elementor-top-section elementor-element elementor-element-bfc831b elementor-section-boxed elementor-section-height-default elementor-section-height-default\" data-id=\"bfc831b\" data-element_type=\"section\" data-e-type=\"section\">\n\t\t\t\t\t\t<div class=\"elementor-container elementor-column-gap-default\">\n\t\t\t\t\t<div class=\"elementor-column elementor-col-100 elementor-top-column elementor-element elementor-element-83628ea\" data-id=\"83628ea\" data-element_type=\"column\" data-e-type=\"column\">\n\t\t\t<div class=\"elementor-widget-wrap elementor-element-populated\">\n\t\t\t\t\t\t<div class=\"elementor-element elementor-element-5b04859 elementor-blockquote--skin-border elementor-widget elementor-widget-blockquote\" data-id=\"5b04859\" data-element_type=\"widget\" data-e-type=\"widget\" data-widget_type=\"blockquote.default\">\n\t\t\t\t<div class=\"elementor-widget-container\">\n\t\t\t\t\t\t\t<blockquote class=\"elementor-blockquote\">\n\t\t\t<p class=\"elementor-blockquote__content\">\n\t\t\t\t<b><span style=\"text-align: justify\">&nbsp;Avenida de la Comunitat Valenciana | Jueves, s\u00e1bados y domingos de 9:00 a 14:00<\/span><\/b>\t\t\t<\/p>\n\t\t\t\t\t<\/blockquote>\n\t\t\t\t\t\t<\/div>\n\t\t\t\t<\/div>\n\t\t\t\t\t<\/div>\n\t\t<\/div>\n\t\t\t\t\t<\/div>\n\t\t<\/section>\n\t\t\t\t<section class=\"elementor-section elementor-top-section elementor-element elementor-element-57ebed87 elementor-section-boxed elementor-section-height-default elementor-section-height-default\" data-id=\"57ebed87\" data-element_type=\"section\" data-e-type=\"section\">\n\t\t\t\t\t\t<div class=\"elementor-container elementor-column-gap-default\">\n\t\t\t\t\t<div class=\"elementor-column elementor-col-100 elementor-top-column elementor-element elementor-element-21968125\" data-id=\"21968125\" data-element_type=\"column\" data-e-type=\"column\">\n\t\t\t<div class=\"elementor-widget-wrap elementor-element-populated\">\n\t\t\t\t\t\t<div class=\"elementor-element elementor-element-3e26919c elementor-widget elementor-widget-heading\" data-id=\"3e26919c\" data-element_type=\"widget\" data-e-type=\"widget\" data-widget_type=\"heading.default\">\n\t\t\t\t<div class=\"elementor-widget-container\">\n\t\t\t\t\t<h3 class=\"elementor-heading-title elementor-size-default\">El Mercadillo del Hotel Pueblo <\/h3>\t\t\t\t<\/div>\n\t\t\t\t<\/div>\n\t\t\t\t\t<\/div>\n\t\t<\/div>\n\t\t\t\t\t<\/div>\n\t\t<\/section>\n\t\t\t\t<section class=\"elementor-section elementor-top-section elementor-element elementor-element-86bc8af elementor-section-boxed elementor-section-height-default elementor-section-height-default\" data-id=\"86bc8af\" data-element_type=\"section\" data-e-type=\"section\">\n\t\t\t\t\t\t<div class=\"elementor-container elementor-column-gap-default\">\n\t\t\t\t\t<div class=\"elementor-column elementor-col-50 elementor-top-column elementor-element elementor-element-5070cd9\" data-id=\"5070cd9\" data-element_type=\"column\" data-e-type=\"column\">\n\t\t\t<div class=\"elementor-widget-wrap elementor-element-populated\">\n\t\t\t\t\t\t<div class=\"elementor-element elementor-element-3458469a elementor-widget elementor-widget-text-editor\" data-id=\"3458469a\" data-element_type=\"widget\" data-e-type=\"widget\" data-widget_type=\"text-editor.default\">\n\t\t\t\t<div class=\"elementor-widget-container\">\n\t\t\t\t\t\t\t\t\t<p><span style=\"font-weight: 400;\">El nombre de este mercadillo viene de su proximidad al Hotel Pueblo, y se encuentra en el Rinc\u00f3n de Loix. En sus 300 puestos es posible encontrar pr\u00e1cticamente de todo: comida, ropa, bisuter\u00eda, productos artesanos, art\u00edculos de decoraci\u00f3n y mucho m\u00e1s. Este mercadillo de Benidorm abre todos los domingos, de 8h00 a 14h00. Muy recomendable para una ma\u00f1ana de compras seguida de una ca\u00f1a o un refresco en uno de sus bares.\u00a0<\/span><\/p><p><span style=\"font-weight: 400;\">Puedes llegar a este mercadillo en transporte p\u00fablico con la l\u00ednea 6 de autobuses urbanos, pero est\u00e1 en pleno centro.<\/span><\/p>\t\t\t\t\t\t\t\t<\/div>\n\t\t\t\t<\/div>\n\t\t\t\t\t<\/div>\n\t\t<\/div>\n\t\t\t\t<div class=\"elementor-column elementor-col-50 elementor-top-column elementor-element elementor-element-0674046\" data-id=\"0674046\" data-element_type=\"column\" data-e-type=\"column\">\n\t\t\t<div class=\"elementor-widget-wrap elementor-element-populated\">\n\t\t\t\t\t\t<div class=\"elementor-element elementor-element-afc2b14 elementor-widget elementor-widget-image\" data-id=\"afc2b14\" data-element_type=\"widget\" data-e-type=\"widget\" data-widget_type=\"image.default\">\n\t\t\t\t<div class=\"elementor-widget-container\">\n\t\t\t\t\t\t\t\t\t\t\t\t\t\t\t<img decoding=\"async\" src=\"https:\/\/www.benidormparaiso.com\/blog\/wp-content\/uploads\/2024\/05\/El-Mercadillo-del-Hotel-Pueblo-\u200b.webp\" title=\"El Mercadillo del Hotel Pueblo \u200b\" alt=\"El Mercadillo del Hotel Pueblo \u200b\" loading=\"lazy\" \/>\t\t\t\t\t\t\t\t\t\t\t\t\t\t\t<\/div>\n\t\t\t\t<\/div>\n\t\t\t\t\t<\/div>\n\t\t<\/div>\n\t\t\t\t\t<\/div>\n\t\t<\/section>\n\t\t\t\t<section class=\"elementor-section elementor-top-section elementor-element elementor-element-c760911 elementor-section-boxed elementor-section-height-default elementor-section-height-default\" data-id=\"c760911\" data-element_type=\"section\" data-e-type=\"section\">\n\t\t\t\t\t\t<div class=\"elementor-container elementor-column-gap-default\">\n\t\t\t\t\t<div class=\"elementor-column elementor-col-100 elementor-top-column elementor-element elementor-element-c8c24ae\" data-id=\"c8c24ae\" data-element_type=\"column\" data-e-type=\"column\">\n\t\t\t<div class=\"elementor-widget-wrap elementor-element-populated\">\n\t\t\t\t\t\t<div class=\"elementor-element elementor-element-f78da7f elementor-blockquote--skin-border elementor-widget elementor-widget-blockquote\" data-id=\"f78da7f\" data-element_type=\"widget\" data-e-type=\"widget\" data-widget_type=\"blockquote.default\">\n\t\t\t\t<div class=\"elementor-widget-container\">\n\t\t\t\t\t\t\t<blockquote class=\"elementor-blockquote\">\n\t\t\t<p class=\"elementor-blockquote__content\">\n\t\t\t\t<span style=\"text-align: justify\"><font color=\"#7a7a7a\"><span><b>&nbsp;&nbsp;Rinc\u00f3n de Loix&nbsp;| Domingos de 8:00 a 14:00<\/b><\/span><\/font><\/span>\t\t\t<\/p>\n\t\t\t\t\t<\/blockquote>\n\t\t\t\t\t\t<\/div>\n\t\t\t\t<\/div>\n\t\t\t\t\t<\/div>\n\t\t<\/div>\n\t\t\t\t\t<\/div>\n\t\t<\/section>\n\t\t\t\t<section class=\"elementor-section elementor-top-section elementor-element elementor-element-3d43431 elementor-section-boxed elementor-section-height-default elementor-section-height-default\" data-id=\"3d43431\" data-element_type=\"section\" data-e-type=\"section\">\n\t\t\t\t\t\t<div class=\"elementor-container elementor-column-gap-default\">\n\t\t\t\t\t<div class=\"elementor-column elementor-col-100 elementor-top-column elementor-element elementor-element-585378a\" data-id=\"585378a\" data-element_type=\"column\" data-e-type=\"column\">\n\t\t\t<div class=\"elementor-widget-wrap elementor-element-populated\">\n\t\t\t\t\t\t<div class=\"elementor-element elementor-element-9796a7b elementor-widget elementor-widget-heading\" data-id=\"9796a7b\" data-element_type=\"widget\" data-e-type=\"widget\" data-widget_type=\"heading.default\">\n\t\t\t\t<div class=\"elementor-widget-container\">\n\t\t\t\t\t<h3 class=\"elementor-heading-title elementor-size-default\">El Mercadillo de Foietes<\/h3>\t\t\t\t<\/div>\n\t\t\t\t<\/div>\n\t\t\t\t\t<\/div>\n\t\t<\/div>\n\t\t\t\t\t<\/div>\n\t\t<\/section>\n\t\t\t\t<section class=\"elementor-section elementor-top-section elementor-element elementor-element-d3b2127 elementor-section-boxed elementor-section-height-default elementor-section-height-default\" data-id=\"d3b2127\" data-element_type=\"section\" data-e-type=\"section\">\n\t\t\t\t\t\t<div class=\"elementor-container elementor-column-gap-default\">\n\t\t\t\t\t<div class=\"elementor-column elementor-col-50 elementor-top-column elementor-element elementor-element-603331f\" data-id=\"603331f\" data-element_type=\"column\" data-e-type=\"column\">\n\t\t\t<div class=\"elementor-widget-wrap elementor-element-populated\">\n\t\t\t\t\t\t<div class=\"elementor-element elementor-element-1254fe2 elementor-widget elementor-widget-text-editor\" data-id=\"1254fe2\" data-element_type=\"widget\" data-e-type=\"widget\" data-widget_type=\"text-editor.default\">\n\t\t\t\t<div class=\"elementor-widget-container\">\n\t\t\t\t\t\t\t\t\t<p><span style=\"font-weight: 400;\">Este mercadillo es otro cl\u00e1sico, y se conoce tambi\u00e9n como Mercadillo de Benidorm, por haber sido el primer mercadillo en esta ciudad. Funciona de 8h00 a 14h00 todos los mi\u00e9rcoles, en el parking de Foietes, muy cerca de la Ciudad Deportiva Guillermo Amor. Cuenta con unos 320 puestos, entre alimentaci\u00f3n, productos frescos, ropa, florister\u00edas, y todo lo que puedas imaginar.\u00a0<\/span><\/p><p><span style=\"font-weight: 400;\">Se encuentra en una zona muy animada, con restaurantes y bares, as\u00ed que aprovecha tu visita y disfruta de la gastronom\u00eda local.<\/span><\/p>\t\t\t\t\t\t\t\t<\/div>\n\t\t\t\t<\/div>\n\t\t\t\t\t<\/div>\n\t\t<\/div>\n\t\t\t\t<div class=\"elementor-column elementor-col-50 elementor-top-column elementor-element elementor-element-6743feb\" data-id=\"6743feb\" data-element_type=\"column\" data-e-type=\"column\">\n\t\t\t<div class=\"elementor-widget-wrap elementor-element-populated\">\n\t\t\t\t\t\t<div class=\"elementor-element elementor-element-169263f elementor-widget elementor-widget-image\" data-id=\"169263f\" data-element_type=\"widget\" data-e-type=\"widget\" data-widget_type=\"image.default\">\n\t\t\t\t<div class=\"elementor-widget-container\">\n\t\t\t\t\t\t\t\t\t\t\t\t\t\t\t<img fetchpriority=\"high\" decoding=\"async\" width=\"800\" height=\"420\" src=\"https:\/\/www.benidormparaiso.com\/blog\/wp-content\/uploads\/2024\/05\/mercadillo-foietes-1200x630.jpg\" class=\"attachment-large size-large wp-image-586\" alt=\"\" \/>\t\t\t\t\t\t\t\t\t\t\t\t\t\t\t<\/div>\n\t\t\t\t<\/div>\n\t\t\t\t\t<\/div>\n\t\t<\/div>\n\t\t\t\t\t<\/div>\n\t\t<\/section>\n\t\t\t\t<section class=\"elementor-section elementor-top-section elementor-element elementor-element-d4ab321 elementor-section-boxed elementor-section-height-default elementor-section-height-default\" data-id=\"d4ab321\" data-element_type=\"section\" data-e-type=\"section\">\n\t\t\t\t\t\t<div class=\"elementor-container elementor-column-gap-default\">\n\t\t\t\t\t<div class=\"elementor-column elementor-col-100 elementor-top-column elementor-element elementor-element-b03907e\" data-id=\"b03907e\" data-element_type=\"column\" data-e-type=\"column\">\n\t\t\t<div class=\"elementor-widget-wrap elementor-element-populated\">\n\t\t\t\t\t\t<div class=\"elementor-element elementor-element-da5a717 elementor-blockquote--skin-border elementor-widget elementor-widget-blockquote\" data-id=\"da5a717\" data-element_type=\"widget\" data-e-type=\"widget\" data-widget_type=\"blockquote.default\">\n\t\t\t\t<div class=\"elementor-widget-container\">\n\t\t\t\t\t\t\t<blockquote class=\"elementor-blockquote\">\n\t\t\t<p class=\"elementor-blockquote__content\">\n\t\t\t\t<b><span style=\"text-align: justify\">&nbsp;Avenida de Foietes | Mi\u00e9rcoles de 8:00 a 14:00<\/span><\/b>\t\t\t<\/p>\n\t\t\t\t\t<\/blockquote>\n\t\t\t\t\t\t<\/div>\n\t\t\t\t<\/div>\n\t\t\t\t\t<\/div>\n\t\t<\/div>\n\t\t\t\t\t<\/div>\n\t\t<\/section>\n\t\t\t\t<section class=\"elementor-section elementor-top-section elementor-element elementor-element-ff90a14 elementor-section-boxed elementor-section-height-default elementor-section-height-default\" data-id=\"ff90a14\" data-element_type=\"section\" data-e-type=\"section\">\n\t\t\t\t\t\t<div class=\"elementor-container elementor-column-gap-default\">\n\t\t\t\t\t<div class=\"elementor-column elementor-col-100 elementor-top-column elementor-element elementor-element-4c6068f\" data-id=\"4c6068f\" data-element_type=\"column\" data-e-type=\"column\">\n\t\t\t<div class=\"elementor-widget-wrap elementor-element-populated\">\n\t\t\t\t\t\t<div class=\"elementor-element elementor-element-b6d5540 elementor-widget elementor-widget-heading\" data-id=\"b6d5540\" data-element_type=\"widget\" data-e-type=\"widget\" data-widget_type=\"heading.default\">\n\t\t\t\t<div class=\"elementor-widget-container\">\n\t\t\t\t\t<h3 class=\"elementor-heading-title elementor-size-default\">El Mercadillo del Parque de Elche\n<\/h3>\t\t\t\t<\/div>\n\t\t\t\t<\/div>\n\t\t\t\t\t<\/div>\n\t\t<\/div>\n\t\t\t\t\t<\/div>\n\t\t<\/section>\n\t\t\t\t<section class=\"elementor-section elementor-top-section elementor-element elementor-element-d125e05 elementor-section-boxed elementor-section-height-default elementor-section-height-default\" data-id=\"d125e05\" data-element_type=\"section\" data-e-type=\"section\">\n\t\t\t\t\t\t<div class=\"elementor-container elementor-column-gap-default\">\n\t\t\t\t\t<div class=\"elementor-column elementor-col-50 elementor-top-column elementor-element elementor-element-427aeaf\" data-id=\"427aeaf\" data-element_type=\"column\" data-e-type=\"column\">\n\t\t\t<div class=\"elementor-widget-wrap elementor-element-populated\">\n\t\t\t\t\t\t<div class=\"elementor-element elementor-element-984f882 elementor-widget elementor-widget-text-editor\" data-id=\"984f882\" data-element_type=\"widget\" data-e-type=\"widget\" data-widget_type=\"text-editor.default\">\n\t\t\t\t<div class=\"elementor-widget-container\">\n\t\t\t\t\t\t\t\t\t<p><span style=\"font-weight: 400;\">Este mercadillo en la playa funciona durante los meses de verano y es un mercado ecol\u00f3gico donde podr\u00e1s comprar productos locales de la mejor calidad: aceitunas, aceites, miel, dulces, infusiones, verduras, productos vegetarianos y veganos, entre otras cosas. Mientras compras, podr\u00e1s disfrutar de m\u00fasica en vivo si visitas durante el fin de semana.\u00a0<\/span><\/p><p><span style=\"font-weight: 400;\">Este mercadillo de Benidorm est\u00e1 casi en la playa de Poniente.<\/span><\/p>\t\t\t\t\t\t\t\t<\/div>\n\t\t\t\t<\/div>\n\t\t\t\t\t<\/div>\n\t\t<\/div>\n\t\t\t\t<div class=\"elementor-column elementor-col-50 elementor-top-column elementor-element elementor-element-cd9e317\" data-id=\"cd9e317\" data-element_type=\"column\" data-e-type=\"column\">\n\t\t\t<div class=\"elementor-widget-wrap elementor-element-populated\">\n\t\t\t\t\t\t<div class=\"elementor-element elementor-element-df3e280 elementor-widget elementor-widget-image\" data-id=\"df3e280\" data-element_type=\"widget\" data-e-type=\"widget\" data-widget_type=\"image.default\">\n\t\t\t\t<div class=\"elementor-widget-container\">\n\t\t\t\t\t\t\t\t\t\t\t\t\t\t\t<img decoding=\"async\" src=\"https:\/\/www.benidormparaiso.com\/blog\/wp-content\/uploads\/2024\/05\/El-Mercadillo-del-Parque-de-Elche-751x430.jpg\" title=\"El-Mercadillo-del-Parque-de-Elche\" alt=\"El-Mercadillo-del-Parque-de-Elche\" loading=\"lazy\" \/>\t\t\t\t\t\t\t\t\t\t\t\t\t\t\t<\/div>\n\t\t\t\t<\/div>\n\t\t\t\t\t<\/div>\n\t\t<\/div>\n\t\t\t\t\t<\/div>\n\t\t<\/section>\n\t\t\t\t<section class=\"elementor-section elementor-top-section elementor-element elementor-element-d250b67 elementor-section-boxed elementor-section-height-default elementor-section-height-default\" data-id=\"d250b67\" data-element_type=\"section\" data-e-type=\"section\">\n\t\t\t\t\t\t<div class=\"elementor-container elementor-column-gap-default\">\n\t\t\t\t\t<div class=\"elementor-column elementor-col-100 elementor-top-column elementor-element elementor-element-0881f2c\" data-id=\"0881f2c\" data-element_type=\"column\" data-e-type=\"column\">\n\t\t\t<div class=\"elementor-widget-wrap elementor-element-populated\">\n\t\t\t\t\t\t<div class=\"elementor-element elementor-element-ac8a56e elementor-blockquote--skin-border elementor-widget elementor-widget-blockquote\" data-id=\"ac8a56e\" data-element_type=\"widget\" data-e-type=\"widget\" data-widget_type=\"blockquote.default\">\n\t\t\t\t<div class=\"elementor-widget-container\">\n\t\t\t\t\t\t\t<blockquote class=\"elementor-blockquote\">\n\t\t\t<p class=\"elementor-blockquote__content\">\n\t\t\t\t<span style=\"font-weight: 700\">Parque de Elche<\/span><span style=\"text-align: justify\"><font color=\"#7a7a7a\"><span><b>&nbsp;|&nbsp;<\/b><\/span><\/font><\/span><font color=\"#7a7a7a\"><span><b>Se celebra de forma espor\u00e1dica a lo largo del a\u00f1o<\/b><\/span><\/font>\t\t\t<\/p>\n\t\t\t\t\t<\/blockquote>\n\t\t\t\t\t\t<\/div>\n\t\t\t\t<\/div>\n\t\t\t\t\t<\/div>\n\t\t<\/div>\n\t\t\t\t\t<\/div>\n\t\t<\/section>\n\t\t\t\t<section class=\"elementor-section elementor-top-section elementor-element elementor-element-9e28341 elementor-section-boxed elementor-section-height-default elementor-section-height-default\" data-id=\"9e28341\" data-element_type=\"section\" data-e-type=\"section\">\n\t\t\t\t\t\t<div class=\"elementor-container elementor-column-gap-default\">\n\t\t\t\t\t<div class=\"elementor-column elementor-col-100 elementor-top-column elementor-element elementor-element-fb6c57b\" data-id=\"fb6c57b\" data-element_type=\"column\" data-e-type=\"column\">\n\t\t\t<div class=\"elementor-widget-wrap elementor-element-populated\">\n\t\t\t\t\t\t<div class=\"elementor-element elementor-element-495cd76 elementor-widget elementor-widget-heading\" data-id=\"495cd76\" data-element_type=\"widget\" data-e-type=\"widget\" data-widget_type=\"heading.default\">\n\t\t\t\t<div class=\"elementor-widget-container\">\n\t\t\t\t\t<h3 class=\"elementor-heading-title elementor-size-default\">El Mercadillo Nits del Castell<\/h3>\t\t\t\t<\/div>\n\t\t\t\t<\/div>\n\t\t\t\t\t<\/div>\n\t\t<\/div>\n\t\t\t\t\t<\/div>\n\t\t<\/section>\n\t\t\t\t<section class=\"elementor-section elementor-top-section elementor-element elementor-element-3b73c21 elementor-section-boxed elementor-section-height-default elementor-section-height-default\" data-id=\"3b73c21\" data-element_type=\"section\" data-e-type=\"section\">\n\t\t\t\t\t\t<div class=\"elementor-container elementor-column-gap-default\">\n\t\t\t\t\t<div class=\"elementor-column elementor-col-50 elementor-top-column elementor-element elementor-element-0655be8\" data-id=\"0655be8\" data-element_type=\"column\" data-e-type=\"column\">\n\t\t\t<div class=\"elementor-widget-wrap elementor-element-populated\">\n\t\t\t\t\t\t<div class=\"elementor-element elementor-element-eb7a293 elementor-widget elementor-widget-text-editor\" data-id=\"eb7a293\" data-element_type=\"widget\" data-e-type=\"widget\" data-widget_type=\"text-editor.default\">\n\t\t\t\t<div class=\"elementor-widget-container\">\n\t\t\t\t\t\t\t\t\t<p><span style=\"font-weight: 400\">En verano puedes visitar este mercadillo situado en el Mirador del Castell de Benidorm y disfrutar de vistas al mar y m\u00fasica en directo mientras buscas art\u00edculos de decoraci\u00f3n, artesan\u00eda, bisuter\u00eda, arte, y m\u00e1s. Abre en julio, agosto y septiembre por las noches, de 20h30 a 23h30. Direcci\u00f3n: Plaza de Santa Ana, justo antes del Balc\u00f3n del Mediterr\u00e1neo. Probablemente las mejores vistas de Benidorm, ya que el mar est\u00e1 justo delante, y a un lado tenemos la playa de Poniente y al otro la de Levante.<\/span><\/p>\t\t\t\t\t\t\t\t<\/div>\n\t\t\t\t<\/div>\n\t\t\t\t\t<\/div>\n\t\t<\/div>\n\t\t\t\t<div class=\"elementor-column elementor-col-50 elementor-top-column elementor-element elementor-element-39da1fb\" data-id=\"39da1fb\" data-element_type=\"column\" data-e-type=\"column\">\n\t\t\t<div class=\"elementor-widget-wrap elementor-element-populated\">\n\t\t\t\t\t\t<div class=\"elementor-element elementor-element-34ec9b6 elementor-widget elementor-widget-image\" data-id=\"34ec9b6\" data-element_type=\"widget\" data-e-type=\"widget\" data-widget_type=\"image.default\">\n\t\t\t\t<div class=\"elementor-widget-container\">\n\t\t\t\t\t\t\t\t\t\t\t\t\t\t\t<img decoding=\"async\" src=\"https:\/\/www.benidormparaiso.com\/blog\/wp-content\/uploads\/2024\/05\/El-Mercadillo-Nits-del-Castell\u200b-751x430.jpg\" title=\"El Mercadillo Nits del Castell\u200b\" alt=\"El Mercadillo Nits del Castell\u200b\" loading=\"lazy\" \/>\t\t\t\t\t\t\t\t\t\t\t\t\t\t\t<\/div>\n\t\t\t\t<\/div>\n\t\t\t\t\t<\/div>\n\t\t<\/div>\n\t\t\t\t\t<\/div>\n\t\t<\/section>\n\t\t\t\t<section class=\"elementor-section elementor-top-section elementor-element elementor-element-0422d0e elementor-section-boxed elementor-section-height-default elementor-section-height-default\" data-id=\"0422d0e\" data-element_type=\"section\" data-e-type=\"section\">\n\t\t\t\t\t\t<div class=\"elementor-container elementor-column-gap-default\">\n\t\t\t\t\t<div class=\"elementor-column elementor-col-100 elementor-top-column elementor-element elementor-element-f550a59\" data-id=\"f550a59\" data-element_type=\"column\" data-e-type=\"column\">\n\t\t\t<div class=\"elementor-widget-wrap elementor-element-populated\">\n\t\t\t\t\t\t<div class=\"elementor-element elementor-element-a49958a elementor-blockquote--skin-border elementor-widget elementor-widget-blockquote\" data-id=\"a49958a\" data-element_type=\"widget\" data-e-type=\"widget\" data-widget_type=\"blockquote.default\">\n\t\t\t\t<div class=\"elementor-widget-container\">\n\t\t\t\t\t\t\t<blockquote class=\"elementor-blockquote\">\n\t\t\t<p class=\"elementor-blockquote__content\">\n\t\t\t\t<span style=\"text-align: justify\"><font color=\"#7a7a7a\"><span><b>&nbsp;Plaza de Santa Ana&nbsp;| J<\/b><\/span><\/font><\/span><font color=\"#7a7a7a\"><span><b>ulio, agosto y septiembre de 20h30 a 23h30<\/b><\/span><\/font>\t\t\t<\/p>\n\t\t\t\t\t<\/blockquote>\n\t\t\t\t\t\t<\/div>\n\t\t\t\t<\/div>\n\t\t\t\t\t<\/div>\n\t\t<\/div>\n\t\t\t\t\t<\/div>\n\t\t<\/section>\n\t\t\t\t<section class=\"elementor-section elementor-top-section elementor-element elementor-element-100b985 elementor-section-boxed elementor-section-height-default elementor-section-height-default\" data-id=\"100b985\" data-element_type=\"section\" data-e-type=\"section\">\n\t\t\t\t\t\t<div class=\"elementor-container elementor-column-gap-default\">\n\t\t\t\t\t<div class=\"elementor-column elementor-col-100 elementor-top-column elementor-element elementor-element-539c7e7\" data-id=\"539c7e7\" data-element_type=\"column\" data-e-type=\"column\">\n\t\t\t<div class=\"elementor-widget-wrap elementor-element-populated\">\n\t\t\t\t\t\t<div class=\"elementor-element elementor-element-3030c9b elementor-widget elementor-widget-heading\" data-id=\"3030c9b\" data-element_type=\"widget\" data-e-type=\"widget\" data-widget_type=\"heading.default\">\n\t\t\t\t<div class=\"elementor-widget-container\">\n\t\t\t\t\t<h2 class=\"elementor-heading-title elementor-size-default\">\u00bfCu\u00e1l es la mejor \u00e9poca para visitar Benidorm?<\/h2>\t\t\t\t<\/div>\n\t\t\t\t<\/div>\n\t\t\t\t<div class=\"elementor-element elementor-element-020635c elementor-widget elementor-widget-text-editor\" data-id=\"020635c\" data-element_type=\"widget\" data-e-type=\"widget\" data-widget_type=\"text-editor.default\">\n\t\t\t\t<div class=\"elementor-widget-container\">\n\t\t\t\t\t\t\t\t\t<p><span style=\"font-weight: 400\">Casi todo el a\u00f1o es bueno para visitar esta zona del pa\u00eds, pero los meses de verano son aquellos que garantizan m\u00e1s calor y buen tiempo, especialmente si lo que m\u00e1s te interesa es la playa. Sin embargo, los meses de oto\u00f1o tienen sus ventajas: menos turismo, lo que significa mayor tranquilidad; precios m\u00e1s bajos; y el tiempo sigue siendo bueno, con lo cual podr\u00e1s hacer muchas de las mismas actividades que puedes hacer en Benidorm en verano. Eso s\u00ed, algunos de los mercadillos de Benidorm solo se realizan en verano.<\/span><\/p>\t\t\t\t\t\t\t\t<\/div>\n\t\t\t\t<\/div>\n\t\t\t\t\t<\/div>\n\t\t<\/div>\n\t\t\t\t\t<\/div>\n\t\t<\/section>\n\t\t\t\t<section class=\"elementor-section elementor-top-section elementor-element elementor-element-3424478 elementor-section-boxed elementor-section-height-default elementor-section-height-default\" data-id=\"3424478\" data-element_type=\"section\" data-e-type=\"section\">\n\t\t\t\t\t\t<div class=\"elementor-container elementor-column-gap-default\">\n\t\t\t\t\t<div class=\"elementor-column elementor-col-100 elementor-top-column elementor-element elementor-element-6506304\" data-id=\"6506304\" data-element_type=\"column\" data-e-type=\"column\">\n\t\t\t<div class=\"elementor-widget-wrap elementor-element-populated\">\n\t\t\t\t\t\t<div class=\"elementor-element elementor-element-f24e2b2 elementor-widget elementor-widget-heading\" data-id=\"f24e2b2\" data-element_type=\"widget\" data-e-type=\"widget\" data-widget_type=\"heading.default\">\n\t\t\t\t<div class=\"elementor-widget-container\">\n\t\t\t\t\t<h2 class=\"elementor-heading-title elementor-size-default\">No te pierdas los coloridos mercadillos de Benidorm<\/h2>\t\t\t\t<\/div>\n\t\t\t\t<\/div>\n\t\t\t\t<div class=\"elementor-element elementor-element-685e696 elementor-widget elementor-widget-text-editor\" data-id=\"685e696\" data-element_type=\"widget\" data-e-type=\"widget\" data-widget_type=\"text-editor.default\">\n\t\t\t\t<div class=\"elementor-widget-container\">\n\t\t\t\t\t\t\t\t\t<p><span style=\"font-weight: 400;\">Visitar los mercadillos de Benidorm es una oportunidad fant\u00e1stica para comprar lo que necesites e incluso cosas que no sabes que necesitabas. Ya sab\u00edas que Benidorm tiene algunas de las mejores playas del Mediterr\u00e1neo, que su vida nocturna es m\u00edtica y que la gastronom\u00eda de la regi\u00f3n es una de las mejores del mundo, pero ahora tambi\u00e9n sabes que tienes que incluir por lo menos uno de estos mercadillos en tu lista de planes en Benidorm.<\/span><\/p><p><span style=\"font-weight: 400;\">Si est\u00e1s buscando un apartamento o una casa para alquilar por la zona, quiz\u00e1s te interese mirar estas <\/span><a href=\"https:\/\/www.benidormparaiso.com\/alquiler-de-alojamientos-en-benidorm\/\"><span style=\"font-weight: 400;\">opciones de alojamiento en Benidorm<\/span><\/a><span style=\"font-weight: 400;\">. Son opciones muy c\u00e9ntricas y con todas las comodidades para que tengas unas vacaciones fant\u00e1sticas: piscina, muy cerca de la playa, con internet y aire acondicionado. \u00bfTe apuntas a visitar los mercadillos de Benidorm?<\/span><\/p>\t\t\t\t\t\t\t\t<\/div>\n\t\t\t\t<\/div>\n\t\t\t\t\t<\/div>\n\t\t<\/div>\n\t\t\t\t\t<\/div>\n\t\t<\/section>\n\t\t\t\t<section class=\"elementor-section elementor-top-section elementor-element elementor-element-8241e7f elementor-section-boxed elementor-section-height-default elementor-section-height-default\" data-id=\"8241e7f\" data-element_type=\"section\" data-e-type=\"section\">\n\t\t\t\t\t\t<div class=\"elementor-container elementor-column-gap-default\">\n\t\t\t\t\t<div class=\"elementor-column elementor-col-100 elementor-top-column elementor-element elementor-element-8dd41bc\" data-id=\"8dd41bc\" data-element_type=\"column\" data-e-type=\"column\">\n\t\t\t<div class=\"elementor-widget-wrap elementor-element-populated\">\n\t\t\t\t\t\t<div class=\"elementor-element elementor-element-b6f99dd elementor-widget elementor-widget-heading\" data-id=\"b6f99dd\" data-element_type=\"widget\" data-e-type=\"widget\" data-widget_type=\"heading.default\">\n\t\t\t\t<div class=\"elementor-widget-container\">\n\t\t\t\t\t<h2 class=\"elementor-heading-title elementor-size-default\">Alojamientos en Benidorm<\/h2>\t\t\t\t<\/div>\n\t\t\t\t<\/div>\n\t\t\t\t\t<\/div>\n\t\t<\/div>\n\t\t\t\t\t<\/div>\n\t\t<\/section>\n\t\t\t\t<section class=\"elementor-section elementor-top-section elementor-element elementor-element-d1e5fd5 elementor-section-boxed elementor-section-height-default elementor-section-height-default\" data-id=\"d1e5fd5\" data-element_type=\"section\" data-e-type=\"section\">\n\t\t\t\t\t\t<div class=\"elementor-container elementor-column-gap-default\">\n\t\t\t\t\t<div class=\"elementor-column elementor-col-100 elementor-top-column elementor-element elementor-element-ce470f5\" data-id=\"ce470f5\" data-element_type=\"column\" data-e-type=\"column\">\n\t\t\t<div class=\"elementor-widget-wrap elementor-element-populated\">\n\t\t\t\t\t\t<div class=\"elementor-element elementor-element-cbc95a2 elementor-widget elementor-widget-grid\" data-id=\"cbc95a2\" data-element_type=\"widget\" data-e-type=\"widget\" id=\"alojamientos\" data-widget_type=\"grid.default\">\n\t\t\t\t<div class=\"elementor-widget-container\">\n\t\t\t\t\t\t\t<div class=\"its--row alojamientos-recomendados\">\n\n\t\t\t<div class=\"alojamientos-recomendados-container\">\n\n\t\t\t\t\t\n\t\t\t\t\t<a href=\"https:\/\/www.benidormparaiso.com\/alquiler\/apartamento-benidorm-q-19b-413877.html\" rel=\"nofollow\" style=\"width: 23%;\">\n\t\t\t\t\t\t<div class=\"apartamento-box\">\n\t\t\t\t\t\t\t<div class=\"imagen_recomendados\">\n\t\t\t\t\t\t\t\t<img decoding=\"async\" src=\"https:\/\/crs.avantio.com\/fotos\/2\/1673458214cddda8fcd64220c43e1ef7e619e9858a\/big16734582241d76fafc480f88a0bd457bac66be6096.jpg\" alt=\"PARAISO CENTRO 1 DORMITORIO BenidormParaiso\">\n\t\t\t\t\t\t\t<\/div>\n\t\t\t\t\t\t\t<div class=\"info\">\n\t\t\t\t\t\t\t\t<div class=\"ubicacion\">\n\t\t\t\t\t\t\t\t\t<i class=\"fa-solid fa-location-dot icono-mapa\"><\/i><span class=\"ubicacion-texto\">Benidorm - Alicante<\/span>\n\t\t\t\t\t\t\t\t<\/div>\n\t\t\t\t\t\t\t\t<H4 class=\"titulo-alojamiento\">\n\t\t\t\t\t\t\t\t\tPARAISO CENTRO 1 DORMITORIO BenidormParaiso\t\t\t\t\t\t\t\t<\/H4>\n\t\t\t\t\t\t\t\t<p class=\"precio-alojamiento\">Desde <span class=\"precio\">65.00\u20ac<\/span> por noche<\/p>\n\t\t\t\t\t\t\t<\/div>\n\t\t\t\t\t\t<\/div>\n\t\t\t\t\t<\/a> \n\t\t\t\t\t\t\n\t\t\t\t\t<a href=\"https:\/\/www.benidormparaiso.com\/alquiler\/apartamento-benidorm-z-15a-413891.html\" rel=\"nofollow\" style=\"width: 23%;\">\n\t\t\t\t\t\t<div class=\"apartamento-box\">\n\t\t\t\t\t\t\t<div class=\"imagen_recomendados\">\n\t\t\t\t\t\t\t\t<img decoding=\"async\" src=\"https:\/\/crs.avantio.com\/fotos\/2\/16734594916789ab42c557d5bfc411b595b33928f4\/big1673459500b5ec892380af5be8a2d09308fc87025b.jpg\" alt=\"PARAISO CENTRO 2 DORMITORIOS BenidormPara\u00edso\">\n\t\t\t\t\t\t\t<\/div>\n\t\t\t\t\t\t\t<div class=\"info\">\n\t\t\t\t\t\t\t\t<div class=\"ubicacion\">\n\t\t\t\t\t\t\t\t\t<i class=\"fa-solid fa-location-dot icono-mapa\"><\/i><span class=\"ubicacion-texto\">Benidorm - Alicante<\/span>\n\t\t\t\t\t\t\t\t<\/div>\n\t\t\t\t\t\t\t\t<H4 class=\"titulo-alojamiento\">\n\t\t\t\t\t\t\t\t\tPARAISO CENTRO 2 DORMITORIOS BenidormPara\u00edso\t\t\t\t\t\t\t\t<\/H4>\n\t\t\t\t\t\t\t\t<p class=\"precio-alojamiento\">Desde <span class=\"precio\">85.00\u20ac<\/span> por noche<\/p>\n\t\t\t\t\t\t\t<\/div>\n\t\t\t\t\t\t<\/div>\n\t\t\t\t\t<\/a> \n\t\t\t\t\t\t\n\t\t\t\t\t<a href=\"https:\/\/www.benidormparaiso.com\/alquiler\/apartamento-benidorm-zc-11c-413917.html\" rel=\"nofollow\" style=\"width: 23%;\">\n\t\t\t\t\t\t<div class=\"apartamento-box\">\n\t\t\t\t\t\t\t<div class=\"imagen_recomendados\">\n\t\t\t\t\t\t\t\t<img decoding=\"async\" src=\"https:\/\/crs.avantio.com\/fotos\/2\/16947649181fd00985e896ca3ae4be0800ad482bd3\/big1701169009000129229922e1338528a1c298f32df3.jpg\" alt=\"1 DORMITORIO-SUITE PARA\u00cdSO CENTRO\">\n\t\t\t\t\t\t\t<\/div>\n\t\t\t\t\t\t\t<div class=\"info\">\n\t\t\t\t\t\t\t\t<div class=\"ubicacion\">\n\t\t\t\t\t\t\t\t\t<i class=\"fa-solid fa-location-dot icono-mapa\"><\/i><span class=\"ubicacion-texto\">Benidorm - Alicante<\/span>\n\t\t\t\t\t\t\t\t<\/div>\n\t\t\t\t\t\t\t\t<H4 class=\"titulo-alojamiento\">\n\t\t\t\t\t\t\t\t\t1 DORMITORIO-SUITE PARA\u00cdSO CENTRO\t\t\t\t\t\t\t\t<\/H4>\n\t\t\t\t\t\t\t\t<p class=\"precio-alojamiento\">Desde <span class=\"precio\">65.00\u20ac<\/span> por noche<\/p>\n\t\t\t\t\t\t\t<\/div>\n\t\t\t\t\t\t<\/div>\n\t\t\t\t\t<\/a> \n\t\t\t\t\t\t\t\t<\/div>\n\t\t\t<\/div>\n\t\t\t\t\t\t<\/div>\n\t\t\t\t<\/div>\n\t\t\t\t\t<\/div>\n\t\t<\/div>\n\t\t\t\t\t<\/div>\n\t\t<\/section>\n\t\t\t\t<section class=\"elementor-section elementor-top-section elementor-element elementor-element-7f37debc elementor-section-boxed elementor-section-height-default elementor-section-height-default\" data-id=\"7f37debc\" data-element_type=\"section\" data-e-type=\"section\">\n\t\t\t\t\t\t<div class=\"elementor-container elementor-column-gap-default\">\n\t\t\t\t\t<div class=\"elementor-column elementor-col-50 elementor-top-column elementor-element elementor-element-3ddccba2\" data-id=\"3ddccba2\" data-element_type=\"column\" data-e-type=\"column\">\n\t\t\t<div class=\"elementor-widget-wrap elementor-element-populated\">\n\t\t\t\t\t\t<div class=\"elementor-element elementor-element-36836fbc elementor-align-center elementor-widget__width-initial elementor-widget elementor-widget-button\" data-id=\"36836fbc\" data-element_type=\"widget\" data-e-type=\"widget\" data-widget_type=\"button.default\">\n\t\t\t\t<div class=\"elementor-widget-container\">\n\t\t\t\t\t\t\t\t\t<div class=\"elementor-button-wrapper\">\n\t\t\t\t\t<a class=\"elementor-button elementor-button-link elementor-size-lg\" href=\"https:\/\/www.benidormparaiso.com\/alquiler\/apartamento-benidorm-paraiso-centro-1-dormitorio-benidormparaiso-413877.html\">\n\t\t\t\t\t\t<span class=\"elementor-button-content-wrapper\">\n\t\t\t\t\t\t\t\t\t<span class=\"elementor-button-text\">Apartamento de 1 habitaci\u00f3n<\/span>\n\t\t\t\t\t<\/span>\n\t\t\t\t\t<\/a>\n\t\t\t\t<\/div>\n\t\t\t\t\t\t\t\t<\/div>\n\t\t\t\t<\/div>\n\t\t\t\t\t<\/div>\n\t\t<\/div>\n\t\t\t\t<div class=\"elementor-column elementor-col-50 elementor-top-column elementor-element elementor-element-4dbe9aa2\" data-id=\"4dbe9aa2\" data-element_type=\"column\" data-e-type=\"column\">\n\t\t\t<div class=\"elementor-widget-wrap elementor-element-populated\">\n\t\t\t\t\t\t<div class=\"elementor-element elementor-element-29418996 elementor-align-left elementor-widget__width-initial elementor-widget elementor-widget-button\" data-id=\"29418996\" data-element_type=\"widget\" data-e-type=\"widget\" data-widget_type=\"button.default\">\n\t\t\t\t<div class=\"elementor-widget-container\">\n\t\t\t\t\t\t\t\t\t<div class=\"elementor-button-wrapper\">\n\t\t\t\t\t<a class=\"elementor-button elementor-button-link elementor-size-lg\" href=\"https:\/\/www.benidormparaiso.com\/alquiler\/apartamento-benidorm-paraiso-centro-2-dormitorios-benidormparaiso-413891.html\">\n\t\t\t\t\t\t<span class=\"elementor-button-content-wrapper\">\n\t\t\t\t\t\t\t\t\t<span class=\"elementor-button-text\">Apartamento de 2 habitaciones<\/span>\n\t\t\t\t\t<\/span>\n\t\t\t\t\t<\/a>\n\t\t\t\t<\/div>\n\t\t\t\t\t\t\t\t<\/div>\n\t\t\t\t<\/div>\n\t\t\t\t\t<\/div>\n\t\t<\/div>\n\t\t\t\t\t<\/div>\n\t\t<\/section>\n\t\t\t\t<\/div>\n\t\t","protected":false},"excerpt":{"rendered":"<p>Hay ciertas cosas que saltan a la mente cuando pensamos en Benidorm: sus playas, las vistas desde el Balc\u00f3n del Mediterr\u00e1neo, el parque de atracciones Terra M\u00edtica, la animada vida nocturna, el skyline impresionante formado por grandes rascacielos\u2026 Pero hay otra cosa que no suele faltar en cualquier lista de planes en Benidorm: los mercadillos.\u00a0 [&hellip;]<\/p>\n","protected":false},"author":4,"featured_media":596,"comment_status":"open","ping_status":"open","sticky":false,"template":"","format":"standard","meta":{"footnotes":""},"categories":[35],"tags":[79],"class_list":["post-579","post","type-post","status-publish","format-standard","has-post-thumbnail","hentry","category-benidorm","tag-no-template"],"yoast_head":"<!-- This site is optimized with the Yoast SEO plugin v27.4 - https:\/\/yoast.com\/product\/yoast-seo-wordpress\/ -->\n<title>Explora los Mercadillos de Benidorm - Blog | Lo mejor de Benidorm<\/title>\n<meta name=\"description\" content=\"Pasea por el mercadillo de Benidorm y encuentra desde artesan\u00edas locales hasta productos frescos. \u00a1Un fest\u00edn para los sentidos!\" \/>\n<meta name=\"robots\" content=\"index, follow, max-snippet:-1, max-image-preview:large, max-video-preview:-1\" \/>\n<link rel=\"canonical\" href=\"https:\/\/www.benidormparaiso.com\/blog\/mercadillos-benidorm\/\" \/>\n<meta property=\"og:locale\" content=\"es_ES\" \/>\n<meta property=\"og:type\" content=\"article\" \/>\n<meta property=\"og:title\" content=\"Explora los Mercadillos de Benidorm - Blog | Lo mejor de Benidorm\" \/>\n<meta property=\"og:description\" content=\"Pasea por el mercadillo de Benidorm y encuentra desde artesan\u00edas locales hasta productos frescos. \u00a1Un fest\u00edn para los sentidos!\" \/>\n<meta property=\"og:url\" content=\"https:\/\/www.benidormparaiso.com\/blog\/mercadillos-benidorm\/\" \/>\n<meta property=\"og:site_name\" content=\"Blog | Lo mejor de Benidorm\" \/>\n<meta property=\"article:published_time\" content=\"2024-05-16T08:52:10+00:00\" \/>\n<meta property=\"article:modified_time\" content=\"2026-03-04T15:44:12+00:00\" \/>\n<meta property=\"og:image\" content=\"https:\/\/www.benidormparaiso.com\/blog\/wp-content\/uploads\/2024\/05\/Mercadillos-benidorm.jpg\" \/>\n\t<meta property=\"og:image:width\" content=\"1920\" \/>\n\t<meta property=\"og:image:height\" content=\"669\" \/>\n\t<meta property=\"og:image:type\" content=\"image\/jpeg\" \/>\n<meta name=\"author\" content=\"Rui\" \/>\n<meta name=\"twitter:card\" content=\"summary_large_image\" \/>\n<meta name=\"twitter:label1\" content=\"Written by\" \/>\n\t<meta name=\"twitter:data1\" content=\"Rui\" \/>\n\t<meta name=\"twitter:label2\" content=\"Est. reading time\" \/>\n\t<meta name=\"twitter:data2\" content=\"7 minutes\" \/>\n<script type=\"application\/ld+json\" class=\"yoast-schema-graph\">{\"@context\":\"https:\\\/\\\/schema.org\",\"@graph\":[{\"@type\":\"Article\",\"@id\":\"https:\\\/\\\/www.benidormparaiso.com\\\/blog\\\/mercadillos-benidorm\\\/#article\",\"isPartOf\":{\"@id\":\"https:\\\/\\\/www.benidormparaiso.com\\\/blog\\\/mercadillos-benidorm\\\/\"},\"author\":{\"name\":\"Rui\",\"@id\":\"https:\\\/\\\/www.benidormparaiso.com\\\/blog\\\/#\\\/schema\\\/person\\\/bdcf1cd8e51de4cac0c90d8ca9863d33\"},\"headline\":\"Explora los Mercadillos de Benidorm\",\"datePublished\":\"2024-05-16T08:52:10+00:00\",\"dateModified\":\"2026-03-04T15:44:12+00:00\",\"mainEntityOfPage\":{\"@id\":\"https:\\\/\\\/www.benidormparaiso.com\\\/blog\\\/mercadillos-benidorm\\\/\"},\"wordCount\":1111,\"commentCount\":0,\"publisher\":{\"@id\":\"https:\\\/\\\/www.benidormparaiso.com\\\/blog\\\/#organization\"},\"image\":{\"@id\":\"https:\\\/\\\/www.benidormparaiso.com\\\/blog\\\/mercadillos-benidorm\\\/#primaryimage\"},\"thumbnailUrl\":\"https:\\\/\\\/www.benidormparaiso.com\\\/blog\\\/wp-content\\\/uploads\\\/2024\\\/05\\\/Mercadillos-benidorm.jpg\",\"keywords\":[\"No template\"],\"articleSection\":[\"Benidorm\"],\"inLanguage\":\"es\",\"potentialAction\":[{\"@type\":\"CommentAction\",\"name\":\"Comment\",\"target\":[\"https:\\\/\\\/www.benidormparaiso.com\\\/blog\\\/mercadillos-benidorm\\\/#respond\"]}]},{\"@type\":\"WebPage\",\"@id\":\"https:\\\/\\\/www.benidormparaiso.com\\\/blog\\\/mercadillos-benidorm\\\/\",\"url\":\"https:\\\/\\\/www.benidormparaiso.com\\\/blog\\\/mercadillos-benidorm\\\/\",\"name\":\"Explora los Mercadillos de Benidorm - Blog | Lo mejor de Benidorm\",\"isPartOf\":{\"@id\":\"https:\\\/\\\/www.benidormparaiso.com\\\/blog\\\/#website\"},\"primaryImageOfPage\":{\"@id\":\"https:\\\/\\\/www.benidormparaiso.com\\\/blog\\\/mercadillos-benidorm\\\/#primaryimage\"},\"image\":{\"@id\":\"https:\\\/\\\/www.benidormparaiso.com\\\/blog\\\/mercadillos-benidorm\\\/#primaryimage\"},\"thumbnailUrl\":\"https:\\\/\\\/www.benidormparaiso.com\\\/blog\\\/wp-content\\\/uploads\\\/2024\\\/05\\\/Mercadillos-benidorm.jpg\",\"datePublished\":\"2024-05-16T08:52:10+00:00\",\"dateModified\":\"2026-03-04T15:44:12+00:00\",\"description\":\"Pasea por el mercadillo de Benidorm y encuentra desde artesan\u00edas locales hasta productos frescos. \u00a1Un fest\u00edn para los sentidos!\",\"breadcrumb\":{\"@id\":\"https:\\\/\\\/www.benidormparaiso.com\\\/blog\\\/mercadillos-benidorm\\\/#breadcrumb\"},\"inLanguage\":\"es\",\"potentialAction\":[{\"@type\":\"ReadAction\",\"target\":[\"https:\\\/\\\/www.benidormparaiso.com\\\/blog\\\/mercadillos-benidorm\\\/\"]}]},{\"@type\":\"ImageObject\",\"inLanguage\":\"es\",\"@id\":\"https:\\\/\\\/www.benidormparaiso.com\\\/blog\\\/mercadillos-benidorm\\\/#primaryimage\",\"url\":\"https:\\\/\\\/www.benidormparaiso.com\\\/blog\\\/wp-content\\\/uploads\\\/2024\\\/05\\\/Mercadillos-benidorm.jpg\",\"contentUrl\":\"https:\\\/\\\/www.benidormparaiso.com\\\/blog\\\/wp-content\\\/uploads\\\/2024\\\/05\\\/Mercadillos-benidorm.jpg\",\"width\":1920,\"height\":669},{\"@type\":\"BreadcrumbList\",\"@id\":\"https:\\\/\\\/www.benidormparaiso.com\\\/blog\\\/mercadillos-benidorm\\\/#breadcrumb\",\"itemListElement\":[{\"@type\":\"ListItem\",\"position\":1,\"name\":\"Home\",\"item\":\"https:\\\/\\\/www.benidormparaiso.com\\\/blog\\\/en\\\/\"},{\"@type\":\"ListItem\",\"position\":2,\"name\":\"Explora los Mercadillos de Benidorm\"}]},{\"@type\":\"WebSite\",\"@id\":\"https:\\\/\\\/www.benidormparaiso.com\\\/blog\\\/#website\",\"url\":\"https:\\\/\\\/www.benidormparaiso.com\\\/blog\\\/\",\"name\":\"Blog | Lo mejor de Benidorm\",\"description\":\"Benidormparaiso\",\"publisher\":{\"@id\":\"https:\\\/\\\/www.benidormparaiso.com\\\/blog\\\/#organization\"},\"potentialAction\":[{\"@type\":\"SearchAction\",\"target\":{\"@type\":\"EntryPoint\",\"urlTemplate\":\"https:\\\/\\\/www.benidormparaiso.com\\\/blog\\\/?s={search_term_string}\"},\"query-input\":{\"@type\":\"PropertyValueSpecification\",\"valueRequired\":true,\"valueName\":\"search_term_string\"}}],\"inLanguage\":\"es\"},{\"@type\":\"Organization\",\"@id\":\"https:\\\/\\\/www.benidormparaiso.com\\\/blog\\\/#organization\",\"name\":\"Blog | Lo mejor de Benidorm\",\"url\":\"https:\\\/\\\/www.benidormparaiso.com\\\/blog\\\/\",\"logo\":{\"@type\":\"ImageObject\",\"inLanguage\":\"es\",\"@id\":\"https:\\\/\\\/www.benidormparaiso.com\\\/blog\\\/#\\\/schema\\\/logo\\\/image\\\/\",\"url\":\"https:\\\/\\\/www.benidormparaiso.com\\\/blog\\\/wp-content\\\/uploads\\\/2023\\\/08\\\/logo-10.png\",\"contentUrl\":\"https:\\\/\\\/www.benidormparaiso.com\\\/blog\\\/wp-content\\\/uploads\\\/2023\\\/08\\\/logo-10.png\",\"width\":350,\"height\":354,\"caption\":\"Blog | Lo mejor de Benidorm\"},\"image\":{\"@id\":\"https:\\\/\\\/www.benidormparaiso.com\\\/blog\\\/#\\\/schema\\\/logo\\\/image\\\/\"}},{\"@type\":\"Person\",\"@id\":\"https:\\\/\\\/www.benidormparaiso.com\\\/blog\\\/#\\\/schema\\\/person\\\/bdcf1cd8e51de4cac0c90d8ca9863d33\",\"name\":\"Rui\",\"image\":{\"@type\":\"ImageObject\",\"inLanguage\":\"es\",\"@id\":\"https:\\\/\\\/secure.gravatar.com\\\/avatar\\\/a38ee8cdbacfab6e36a7213a319aecff60b0580665839c1ae56aa02edbe73002?s=96&d=mm&r=g\",\"url\":\"https:\\\/\\\/secure.gravatar.com\\\/avatar\\\/a38ee8cdbacfab6e36a7213a319aecff60b0580665839c1ae56aa02edbe73002?s=96&d=mm&r=g\",\"contentUrl\":\"https:\\\/\\\/secure.gravatar.com\\\/avatar\\\/a38ee8cdbacfab6e36a7213a319aecff60b0580665839c1ae56aa02edbe73002?s=96&d=mm&r=g\",\"caption\":\"Rui\"},\"url\":\"https:\\\/\\\/www.benidormparaiso.com\\\/blog\\\/author\\\/rui\\\/\"}]}<\/script>\n<!-- \/ Yoast SEO plugin. -->","yoast_head_json":{"title":"Explora los Mercadillos de Benidorm - Blog | Lo mejor de Benidorm","description":"Pasea por el mercadillo de Benidorm y encuentra desde artesan\u00edas locales hasta productos frescos. \u00a1Un fest\u00edn para los sentidos!","robots":{"index":"index","follow":"follow","max-snippet":"max-snippet:-1","max-image-preview":"max-image-preview:large","max-video-preview":"max-video-preview:-1"},"canonical":"https:\/\/www.benidormparaiso.com\/blog\/mercadillos-benidorm\/","og_locale":"es_ES","og_type":"article","og_title":"Explora los Mercadillos de Benidorm - Blog | Lo mejor de Benidorm","og_description":"Pasea por el mercadillo de Benidorm y encuentra desde artesan\u00edas locales hasta productos frescos. \u00a1Un fest\u00edn para los sentidos!","og_url":"https:\/\/www.benidormparaiso.com\/blog\/mercadillos-benidorm\/","og_site_name":"Blog | Lo mejor de Benidorm","article_published_time":"2024-05-16T08:52:10+00:00","article_modified_time":"2026-03-04T15:44:12+00:00","og_image":[{"width":1920,"height":669,"url":"https:\/\/www.benidormparaiso.com\/blog\/wp-content\/uploads\/2024\/05\/Mercadillos-benidorm.jpg","type":"image\/jpeg"}],"author":"Rui","twitter_card":"summary_large_image","twitter_misc":{"Written by":"Rui","Est. reading time":"7 minutes"},"schema":{"@context":"https:\/\/schema.org","@graph":[{"@type":"Article","@id":"https:\/\/www.benidormparaiso.com\/blog\/mercadillos-benidorm\/#article","isPartOf":{"@id":"https:\/\/www.benidormparaiso.com\/blog\/mercadillos-benidorm\/"},"author":{"name":"Rui","@id":"https:\/\/www.benidormparaiso.com\/blog\/#\/schema\/person\/bdcf1cd8e51de4cac0c90d8ca9863d33"},"headline":"Explora los Mercadillos de Benidorm","datePublished":"2024-05-16T08:52:10+00:00","dateModified":"2026-03-04T15:44:12+00:00","mainEntityOfPage":{"@id":"https:\/\/www.benidormparaiso.com\/blog\/mercadillos-benidorm\/"},"wordCount":1111,"commentCount":0,"publisher":{"@id":"https:\/\/www.benidormparaiso.com\/blog\/#organization"},"image":{"@id":"https:\/\/www.benidormparaiso.com\/blog\/mercadillos-benidorm\/#primaryimage"},"thumbnailUrl":"https:\/\/www.benidormparaiso.com\/blog\/wp-content\/uploads\/2024\/05\/Mercadillos-benidorm.jpg","keywords":["No template"],"articleSection":["Benidorm"],"inLanguage":"es","potentialAction":[{"@type":"CommentAction","name":"Comment","target":["https:\/\/www.benidormparaiso.com\/blog\/mercadillos-benidorm\/#respond"]}]},{"@type":"WebPage","@id":"https:\/\/www.benidormparaiso.com\/blog\/mercadillos-benidorm\/","url":"https:\/\/www.benidormparaiso.com\/blog\/mercadillos-benidorm\/","name":"Explora los Mercadillos de Benidorm - Blog | Lo mejor de Benidorm","isPartOf":{"@id":"https:\/\/www.benidormparaiso.com\/blog\/#website"},"primaryImageOfPage":{"@id":"https:\/\/www.benidormparaiso.com\/blog\/mercadillos-benidorm\/#primaryimage"},"image":{"@id":"https:\/\/www.benidormparaiso.com\/blog\/mercadillos-benidorm\/#primaryimage"},"thumbnailUrl":"https:\/\/www.benidormparaiso.com\/blog\/wp-content\/uploads\/2024\/05\/Mercadillos-benidorm.jpg","datePublished":"2024-05-16T08:52:10+00:00","dateModified":"2026-03-04T15:44:12+00:00","description":"Pasea por el mercadillo de Benidorm y encuentra desde artesan\u00edas locales hasta productos frescos. \u00a1Un fest\u00edn para los sentidos!","breadcrumb":{"@id":"https:\/\/www.benidormparaiso.com\/blog\/mercadillos-benidorm\/#breadcrumb"},"inLanguage":"es","potentialAction":[{"@type":"ReadAction","target":["https:\/\/www.benidormparaiso.com\/blog\/mercadillos-benidorm\/"]}]},{"@type":"ImageObject","inLanguage":"es","@id":"https:\/\/www.benidormparaiso.com\/blog\/mercadillos-benidorm\/#primaryimage","url":"https:\/\/www.benidormparaiso.com\/blog\/wp-content\/uploads\/2024\/05\/Mercadillos-benidorm.jpg","contentUrl":"https:\/\/www.benidormparaiso.com\/blog\/wp-content\/uploads\/2024\/05\/Mercadillos-benidorm.jpg","width":1920,"height":669},{"@type":"BreadcrumbList","@id":"https:\/\/www.benidormparaiso.com\/blog\/mercadillos-benidorm\/#breadcrumb","itemListElement":[{"@type":"ListItem","position":1,"name":"Home","item":"https:\/\/www.benidormparaiso.com\/blog\/en\/"},{"@type":"ListItem","position":2,"name":"Explora los Mercadillos de Benidorm"}]},{"@type":"WebSite","@id":"https:\/\/www.benidormparaiso.com\/blog\/#website","url":"https:\/\/www.benidormparaiso.com\/blog\/","name":"Blog | Lo mejor de Benidorm","description":"Benidormparaiso","publisher":{"@id":"https:\/\/www.benidormparaiso.com\/blog\/#organization"},"potentialAction":[{"@type":"SearchAction","target":{"@type":"EntryPoint","urlTemplate":"https:\/\/www.benidormparaiso.com\/blog\/?s={search_term_string}"},"query-input":{"@type":"PropertyValueSpecification","valueRequired":true,"valueName":"search_term_string"}}],"inLanguage":"es"},{"@type":"Organization","@id":"https:\/\/www.benidormparaiso.com\/blog\/#organization","name":"Blog | Lo mejor de Benidorm","url":"https:\/\/www.benidormparaiso.com\/blog\/","logo":{"@type":"ImageObject","inLanguage":"es","@id":"https:\/\/www.benidormparaiso.com\/blog\/#\/schema\/logo\/image\/","url":"https:\/\/www.benidormparaiso.com\/blog\/wp-content\/uploads\/2023\/08\/logo-10.png","contentUrl":"https:\/\/www.benidormparaiso.com\/blog\/wp-content\/uploads\/2023\/08\/logo-10.png","width":350,"height":354,"caption":"Blog | Lo mejor de Benidorm"},"image":{"@id":"https:\/\/www.benidormparaiso.com\/blog\/#\/schema\/logo\/image\/"}},{"@type":"Person","@id":"https:\/\/www.benidormparaiso.com\/blog\/#\/schema\/person\/bdcf1cd8e51de4cac0c90d8ca9863d33","name":"Rui","image":{"@type":"ImageObject","inLanguage":"es","@id":"https:\/\/secure.gravatar.com\/avatar\/a38ee8cdbacfab6e36a7213a319aecff60b0580665839c1ae56aa02edbe73002?s=96&d=mm&r=g","url":"https:\/\/secure.gravatar.com\/avatar\/a38ee8cdbacfab6e36a7213a319aecff60b0580665839c1ae56aa02edbe73002?s=96&d=mm&r=g","contentUrl":"https:\/\/secure.gravatar.com\/avatar\/a38ee8cdbacfab6e36a7213a319aecff60b0580665839c1ae56aa02edbe73002?s=96&d=mm&r=g","caption":"Rui"},"url":"https:\/\/www.benidormparaiso.com\/blog\/author\/rui\/"}]}},"_links":{"self":[{"href":"https:\/\/www.benidormparaiso.com\/blog\/wp-json\/wp\/v2\/posts\/579","targetHints":{"allow":["GET"]}}],"collection":[{"href":"https:\/\/www.benidormparaiso.com\/blog\/wp-json\/wp\/v2\/posts"}],"about":[{"href":"https:\/\/www.benidormparaiso.com\/blog\/wp-json\/wp\/v2\/types\/post"}],"author":[{"embeddable":true,"href":"https:\/\/www.benidormparaiso.com\/blog\/wp-json\/wp\/v2\/users\/4"}],"replies":[{"embeddable":true,"href":"https:\/\/www.benidormparaiso.com\/blog\/wp-json\/wp\/v2\/comments?post=579"}],"version-history":[{"count":17,"href":"https:\/\/www.benidormparaiso.com\/blog\/wp-json\/wp\/v2\/posts\/579\/revisions"}],"predecessor-version":[{"id":1621,"href":"https:\/\/www.benidormparaiso.com\/blog\/wp-json\/wp\/v2\/posts\/579\/revisions\/1621"}],"wp:featuredmedia":[{"embeddable":true,"href":"https:\/\/www.benidormparaiso.com\/blog\/wp-json\/wp\/v2\/media\/596"}],"wp:attachment":[{"href":"https:\/\/www.benidormparaiso.com\/blog\/wp-json\/wp\/v2\/media?parent=579"}],"wp:term":[{"taxonomy":"category","embeddable":true,"href":"https:\/\/www.benidormparaiso.com\/blog\/wp-json\/wp\/v2\/categories?post=579"},{"taxonomy":"post_tag","embeddable":true,"href":"https:\/\/www.benidormparaiso.com\/blog\/wp-json\/wp\/v2\/tags?post=579"}],"curies":[{"name":"wp","href":"https:\/\/api.w.org\/{rel}","templated":true}]}}