{"id":712,"date":"2024-07-12T07:04:10","date_gmt":"2024-07-12T07:04:10","guid":{"rendered":"https:\/\/www.benidormparaiso.com\/blog\/?p=712"},"modified":"2026-03-04T15:43:11","modified_gmt":"2026-03-04T15:43:11","slug":"iberia-festival-benidorm","status":"publish","type":"post","link":"https:\/\/www.benidormparaiso.com\/blog\/iberia-festival-benidorm\/","title":{"rendered":"Todo sobre el Iberia Festival 2024"},"content":{"rendered":"\t\t<div data-elementor-type=\"wp-post\" data-elementor-id=\"712\" class=\"elementor elementor-712\" data-elementor-post-type=\"post\">\n\t\t\t\t\t\t<section class=\"elementor-section elementor-top-section elementor-element elementor-element-486afd63 elementor-section-boxed elementor-section-height-default elementor-section-height-default\" data-id=\"486afd63\" data-element_type=\"section\" data-e-type=\"section\">\n\t\t\t\t\t\t<div class=\"elementor-container elementor-column-gap-default\">\n\t\t\t\t\t<div class=\"elementor-column elementor-col-100 elementor-top-column elementor-element elementor-element-482ee6e4\" data-id=\"482ee6e4\" data-element_type=\"column\" data-e-type=\"column\">\n\t\t\t<div class=\"elementor-widget-wrap elementor-element-populated\">\n\t\t\t\t\t\t<div class=\"elementor-element elementor-element-7ed897f2 elementor-widget elementor-widget-text-editor\" data-id=\"7ed897f2\" data-element_type=\"widget\" data-e-type=\"widget\" data-widget_type=\"text-editor.default\">\n\t\t\t\t<div class=\"elementor-widget-container\">\n\t\t\t\t\t\t\t\t\t<p><span style=\"font-weight: 400\">Ahora tienes un motivo m\u00e1s para visitar Benidorm: el Iberia Festival 2024, que trae a\u00fan m\u00e1s m\u00fasica y animaci\u00f3n a esta joya del Mediterr\u00e1neo. La 12\u00aa edici\u00f3n de este festival tendr\u00e1 como principal atractivo algunos de los mejores grupos del pop y del rock nacional, algo que lo hace perfecto para casi todos los p\u00fablicos.<\/span><\/p><p><span style=\"font-weight: 400\">En este art\u00edculo te queremos contar todo lo que necesitas saber sobre el Iberia Festival 2024: su ubicaci\u00f3n, las fechas que debes reservar en tu calendario, los grupos que podr\u00e1s disfrutar en este espectacular evento, informaci\u00f3n sobre las entradas para el Iberia Festival 2024, \u00a1y mucho m\u00e1s! Sigue leyendo y no te pierdas esta oportunidad \u00fanica para vivir un festival muy especial en Benidorm.<\/span><\/p>\t\t\t\t\t\t\t\t<\/div>\n\t\t\t\t<\/div>\n\t\t\t\t\t<\/div>\n\t\t<\/div>\n\t\t\t\t\t<\/div>\n\t\t<\/section>\n\t\t\t\t<section class=\"elementor-section elementor-top-section elementor-element elementor-element-3eac1fb6 elementor-section-boxed elementor-section-height-default elementor-section-height-default\" data-id=\"3eac1fb6\" data-element_type=\"section\" data-e-type=\"section\">\n\t\t\t\t\t\t<div class=\"elementor-container elementor-column-gap-default\">\n\t\t\t\t\t<div class=\"elementor-column elementor-col-100 elementor-top-column elementor-element elementor-element-75203d9c\" data-id=\"75203d9c\" data-element_type=\"column\" data-e-type=\"column\">\n\t\t\t<div class=\"elementor-widget-wrap elementor-element-populated\">\n\t\t\t\t\t\t<div class=\"elementor-element elementor-element-785574eb elementor-widget elementor-widget-table-of-contents\" data-id=\"785574eb\" data-element_type=\"widget\" data-e-type=\"widget\" data-settings=\"{&quot;headings_by_tags&quot;:[&quot;h2&quot;],&quot;exclude_headings_by_selector&quot;:[],&quot;marker_view&quot;:&quot;bullets&quot;,&quot;icon&quot;:{&quot;value&quot;:&quot;&quot;,&quot;library&quot;:&quot;&quot;},&quot;no_headings_message&quot;:&quot;No headings were found on this page.&quot;,&quot;hierarchical_view&quot;:&quot;yes&quot;,&quot;min_height&quot;:{&quot;unit&quot;:&quot;px&quot;,&quot;size&quot;:&quot;&quot;,&quot;sizes&quot;:[]},&quot;min_height_tablet&quot;:{&quot;unit&quot;:&quot;px&quot;,&quot;size&quot;:&quot;&quot;,&quot;sizes&quot;:[]},&quot;min_height_mobile&quot;:{&quot;unit&quot;:&quot;px&quot;,&quot;size&quot;:&quot;&quot;,&quot;sizes&quot;:[]}}\" data-widget_type=\"table-of-contents.default\">\n\t\t\t\t<div class=\"elementor-widget-container\">\n\t\t\t\t\t\t\t\t\t<div class=\"elementor-toc__header\">\n\t\t\t\t\t\t<div class=\"elementor-toc__header-title\">\n\t\t\t\t\u00cdndice\t\t\t<\/div>\n\t\t\t\t\t\t\t\t<\/div>\n\t\t\t\t<div id=\"elementor-toc__785574eb\" class=\"elementor-toc__body\">\n\t\t\t<div class=\"elementor-toc__spinner-container\">\n\t\t\t\t<i class=\"elementor-toc__spinner eicon-animation-spin eicon-loading\" aria-hidden=\"true\"><\/i>\t\t\t<\/div>\n\t\t<\/div>\n\t\t\t\t\t\t<\/div>\n\t\t\t\t<\/div>\n\t\t\t\t\t<\/div>\n\t\t<\/div>\n\t\t\t\t\t<\/div>\n\t\t<\/section>\n\t\t\t\t<section class=\"elementor-section elementor-top-section elementor-element elementor-element-aef7e3f elementor-section-boxed elementor-section-height-default elementor-section-height-default\" data-id=\"aef7e3f\" data-element_type=\"section\" data-e-type=\"section\">\n\t\t\t\t\t\t<div class=\"elementor-container elementor-column-gap-default\">\n\t\t\t\t\t<div class=\"elementor-column elementor-col-100 elementor-top-column elementor-element elementor-element-9de6b30\" data-id=\"9de6b30\" data-element_type=\"column\" data-e-type=\"column\">\n\t\t\t<div class=\"elementor-widget-wrap elementor-element-populated\">\n\t\t\t\t\t\t<div class=\"elementor-element elementor-element-ebdfd25 elementor-widget elementor-widget-heading\" data-id=\"ebdfd25\" data-element_type=\"widget\" data-e-type=\"widget\" data-widget_type=\"heading.default\">\n\t\t\t\t<div class=\"elementor-widget-container\">\n\t\t\t\t\t<h2 class=\"elementor-heading-title elementor-size-default\">Iberia Festival en Benidorm: una fiesta a orillas del Mediterr\u00e1neo<\/h2>\t\t\t\t<\/div>\n\t\t\t\t<\/div>\n\t\t\t\t<div class=\"elementor-element elementor-element-c7e2654 elementor-widget elementor-widget-text-editor\" data-id=\"c7e2654\" data-element_type=\"widget\" data-e-type=\"widget\" data-widget_type=\"text-editor.default\">\n\t\t\t\t<div class=\"elementor-widget-container\">\n\t\t\t\t\t\t\t\t\t<p><span style=\"font-weight: 400\">Benidorm es una fant\u00e1stica ciudad a orillas del Mediterr\u00e1neo, con condiciones perfectas para disfrutar de lo mejor que el buen tiempo tiene para ofrecer: playas incre\u00edbles, ocio nocturno, bares y restaurantes, parques tem\u00e1ticos, rutas de senderismo y mucho m\u00e1s. El Iberia Festival es uno de los mejores eventos que tienen lugar en Benidorm, y se celebra los d\u00edas 11 y 12 de octubre de este a\u00f1o.<\/span><\/p><p><span style=\"font-weight: 400\">Este festival es un referente nacional que compite directamente con los grandes festivales que ocurren en nuestro pa\u00eds, y sus carteles son siempre muy interesantes. El lugar exacto del Iberia Festival 2024 es el Auditorio Julio Iglesias, un lugar apropiado para un evento de este calibre y con tan buena m\u00fasica. Ahora que ya sabes donde y cuando se realiza el Iberia Festival 2024, reserva ya estos d\u00edas en tu calendario, \u00a1y ven a Benidorm a disfrutar la vida!<\/span><\/p>\t\t\t\t\t\t\t\t<\/div>\n\t\t\t\t<\/div>\n\t\t\t\t\t<\/div>\n\t\t<\/div>\n\t\t\t\t\t<\/div>\n\t\t<\/section>\n\t\t\t\t<section class=\"elementor-section elementor-top-section elementor-element elementor-element-0c6d3f7 elementor-section-boxed elementor-section-height-default elementor-section-height-default\" data-id=\"0c6d3f7\" data-element_type=\"section\" data-e-type=\"section\">\n\t\t\t\t\t\t<div class=\"elementor-container elementor-column-gap-default\">\n\t\t\t\t\t<div class=\"elementor-column elementor-col-100 elementor-top-column elementor-element elementor-element-c1aea87\" data-id=\"c1aea87\" data-element_type=\"column\" data-e-type=\"column\">\n\t\t\t<div class=\"elementor-widget-wrap elementor-element-populated\">\n\t\t\t\t\t\t<div class=\"elementor-element elementor-element-d8e7db7 elementor-widget elementor-widget-heading\" data-id=\"d8e7db7\" data-element_type=\"widget\" data-e-type=\"widget\" data-widget_type=\"heading.default\">\n\t\t\t\t<div class=\"elementor-widget-container\">\n\t\t\t\t\t<h2 class=\"elementor-heading-title elementor-size-default\">Artistas estelares y un ambiente electrizante en el Iberia Festival<\/h2>\t\t\t\t<\/div>\n\t\t\t\t<\/div>\n\t\t\t\t<div class=\"elementor-element elementor-element-8f60db3 elementor-widget elementor-widget-text-editor\" data-id=\"8f60db3\" data-element_type=\"widget\" data-e-type=\"widget\" data-widget_type=\"text-editor.default\">\n\t\t\t\t<div class=\"elementor-widget-container\">\n\t\t\t\t\t\t\t\t\t<p><span style=\"font-weight: 400\">El Iberia Festival de Benidorm cuenta con un cartel impresionante que contiene varios nombres importantes de la m\u00fasica espa\u00f1ola: Tarque &amp; La Asociaci\u00f3n del Riff, Los Zigarros, Miguel Costas, Bar\u00f3n Rojo y Cicl\u00f3n, en el primer d\u00eda, y Suzi Quatro, Medina Azahara, Lichis &amp; Due Country Cavalieri y la Rock&amp;Rios Band, un grupo de tributo a Miguel R\u00edos. \u00a1Van a ser noches m\u00e1gicas y muy divertidas en Benidorm!<\/span><\/p>\t\t\t\t\t\t\t\t<\/div>\n\t\t\t\t<\/div>\n\t\t\t\t\t<\/div>\n\t\t<\/div>\n\t\t\t\t\t<\/div>\n\t\t<\/section>\n\t\t\t\t<section class=\"elementor-section elementor-top-section elementor-element elementor-element-ebca72b elementor-section-boxed elementor-section-height-default elementor-section-height-default\" data-id=\"ebca72b\" data-element_type=\"section\" data-e-type=\"section\">\n\t\t\t\t\t\t<div class=\"elementor-container elementor-column-gap-default\">\n\t\t\t\t\t<div class=\"elementor-column elementor-col-100 elementor-top-column elementor-element elementor-element-50ff6d6\" data-id=\"50ff6d6\" data-element_type=\"column\" data-e-type=\"column\">\n\t\t\t<div class=\"elementor-widget-wrap elementor-element-populated\">\n\t\t\t\t\t\t<div class=\"elementor-element elementor-element-1d07c3e elementor-widget elementor-widget-image\" data-id=\"1d07c3e\" data-element_type=\"widget\" data-e-type=\"widget\" data-widget_type=\"image.default\">\n\t\t\t\t<div class=\"elementor-widget-container\">\n\t\t\t\t\t\t\t\t\t\t\t\t\t\t\t<img fetchpriority=\"high\" decoding=\"async\" width=\"1663\" height=\"651\" src=\"https:\/\/www.benidormparaiso.com\/blog\/wp-content\/uploads\/2024\/07\/cartel-Iberia-Festival-Benidorm-2024.jpg\" class=\"attachment-full size-full wp-image-719\" alt=\"cartel-Iberia-Festival-Benidorm-2024\" srcset=\"https:\/\/www.benidormparaiso.com\/blog\/wp-content\/uploads\/2024\/07\/cartel-Iberia-Festival-Benidorm-2024.jpg 1663w, https:\/\/www.benidormparaiso.com\/blog\/wp-content\/uploads\/2024\/07\/cartel-Iberia-Festival-Benidorm-2024-768x301.jpg 768w, https:\/\/www.benidormparaiso.com\/blog\/wp-content\/uploads\/2024\/07\/cartel-Iberia-Festival-Benidorm-2024-1536x601.jpg 1536w\" sizes=\"(max-width: 1663px) 100vw, 1663px\" \/>\t\t\t\t\t\t\t\t\t\t\t\t\t\t\t<\/div>\n\t\t\t\t<\/div>\n\t\t\t\t\t<\/div>\n\t\t<\/div>\n\t\t\t\t\t<\/div>\n\t\t<\/section>\n\t\t\t\t<section class=\"elementor-section elementor-top-section elementor-element elementor-element-e62d5f8 elementor-section-boxed elementor-section-height-default elementor-section-height-default\" data-id=\"e62d5f8\" data-element_type=\"section\" data-e-type=\"section\">\n\t\t\t\t\t\t<div class=\"elementor-container elementor-column-gap-default\">\n\t\t\t\t\t<div class=\"elementor-column elementor-col-100 elementor-top-column elementor-element elementor-element-862569c\" data-id=\"862569c\" data-element_type=\"column\" data-e-type=\"column\">\n\t\t\t<div class=\"elementor-widget-wrap elementor-element-populated\">\n\t\t\t\t\t\t<div class=\"elementor-element elementor-element-686ceb5 elementor-widget elementor-widget-heading\" data-id=\"686ceb5\" data-element_type=\"widget\" data-e-type=\"widget\" data-widget_type=\"heading.default\">\n\t\t\t\t<div class=\"elementor-widget-container\">\n\t\t\t\t\t<h2 class=\"elementor-heading-title elementor-size-default\">Experimenta la magia de la m\u00fasica en vivo en el Iberia Festival<\/h2>\t\t\t\t<\/div>\n\t\t\t\t<\/div>\n\t\t\t\t<div class=\"elementor-element elementor-element-bfd2a69 elementor-widget elementor-widget-text-editor\" data-id=\"bfd2a69\" data-element_type=\"widget\" data-e-type=\"widget\" data-widget_type=\"text-editor.default\">\n\t\t\t\t<div class=\"elementor-widget-container\">\n\t\t\t\t\t\t\t\t\t<p><span style=\"font-weight: 400\">Las ediciones anteriores del Iberia Festival de Benidorm son un buen indicador de lo que puedes esperar: animaci\u00f3n, buena m\u00fasica y buen ambiente, todo esto en una ciudad fant\u00e1stica y con mucho para disfrutar. Despu\u00e9s de un d\u00eda de playa o de una ruta de senderismo, viste tu chaqueta de cuero y dir\u00edgete al Auditorio Julio Iglesias para terminar el d\u00eda de la mejor forma. <\/span><\/p>\t\t\t\t\t\t\t\t<\/div>\n\t\t\t\t<\/div>\n\t\t\t\t\t<\/div>\n\t\t<\/div>\n\t\t\t\t\t<\/div>\n\t\t<\/section>\n\t\t\t\t<section class=\"elementor-section elementor-top-section elementor-element elementor-element-e7b3df0 elementor-section-boxed elementor-section-height-default elementor-section-height-default\" data-id=\"e7b3df0\" data-element_type=\"section\" data-e-type=\"section\">\n\t\t\t\t\t\t<div class=\"elementor-container elementor-column-gap-default\">\n\t\t\t\t\t<div class=\"elementor-column elementor-col-100 elementor-top-column elementor-element elementor-element-fd5db4f\" data-id=\"fd5db4f\" data-element_type=\"column\" data-e-type=\"column\">\n\t\t\t<div class=\"elementor-widget-wrap elementor-element-populated\">\n\t\t\t\t\t\t<div class=\"elementor-element elementor-element-9a78e9e elementor-widget elementor-widget-heading\" data-id=\"9a78e9e\" data-element_type=\"widget\" data-e-type=\"widget\" data-widget_type=\"heading.default\">\n\t\t\t\t<div class=\"elementor-widget-container\">\n\t\t\t\t\t<h2 class=\"elementor-heading-title elementor-size-default\">Entradas para el Iberia Festival 2024<\/h2>\t\t\t\t<\/div>\n\t\t\t\t<\/div>\n\t\t\t\t<div class=\"elementor-element elementor-element-af650fb elementor-widget elementor-widget-text-editor\" data-id=\"af650fb\" data-element_type=\"widget\" data-e-type=\"widget\" data-widget_type=\"text-editor.default\">\n\t\t\t\t<div class=\"elementor-widget-container\">\n\t\t\t\t\t\t\t\t\t<p><span style=\"font-weight: 400\">Para asistir a este evento, tienes varias opciones: puedes comprar entradas generales para cada uno de los d\u00edas o entradas VIP, con acceso a un palco especial y con derecho a una botella de primeras marcas, bien como servicio de mesa. Si vas a los dos d\u00edas, te recomendamos que compres el abono que te dar\u00e1 acceso integral al festival. Existe tambi\u00e9n una versi\u00f3n VIP de este abono, con todas las ventajas de las entradas VIP.<\/span><\/p>\t\t\t\t\t\t\t\t<\/div>\n\t\t\t\t<\/div>\n\t\t\t\t\t<\/div>\n\t\t<\/div>\n\t\t\t\t\t<\/div>\n\t\t<\/section>\n\t\t\t\t<section class=\"elementor-section elementor-top-section elementor-element elementor-element-425bad5 elementor-section-boxed elementor-section-height-default elementor-section-height-default\" data-id=\"425bad5\" data-element_type=\"section\" data-e-type=\"section\">\n\t\t\t\t\t\t<div class=\"elementor-container elementor-column-gap-default\">\n\t\t\t\t\t<div class=\"elementor-column elementor-col-100 elementor-top-column elementor-element elementor-element-52bf9f4\" data-id=\"52bf9f4\" data-element_type=\"column\" data-e-type=\"column\">\n\t\t\t<div class=\"elementor-widget-wrap elementor-element-populated\">\n\t\t\t\t\t\t<div class=\"elementor-element elementor-element-801d883 elementor-align-center elementor-widget elementor-widget-button\" data-id=\"801d883\" data-element_type=\"widget\" data-e-type=\"widget\" data-widget_type=\"button.default\">\n\t\t\t\t<div class=\"elementor-widget-container\">\n\t\t\t\t\t\t\t\t\t<div class=\"elementor-button-wrapper\">\n\t\t\t\t\t<a class=\"elementor-button elementor-button-link elementor-size-sm\" href=\"https:\/\/iberiafestival.com\/entradas-benidorm\/\" target=\"_blank\">\n\t\t\t\t\t\t<span class=\"elementor-button-content-wrapper\">\n\t\t\t\t\t\t\t\t\t<span class=\"elementor-button-text\">Entradas al Iberia Festival 2024<\/span>\n\t\t\t\t\t<\/span>\n\t\t\t\t\t<\/a>\n\t\t\t\t<\/div>\n\t\t\t\t\t\t\t\t<\/div>\n\t\t\t\t<\/div>\n\t\t\t\t\t<\/div>\n\t\t<\/div>\n\t\t\t\t\t<\/div>\n\t\t<\/section>\n\t\t\t\t<section class=\"elementor-section elementor-top-section elementor-element elementor-element-ebb23af elementor-section-boxed elementor-section-height-default elementor-section-height-default\" data-id=\"ebb23af\" data-element_type=\"section\" data-e-type=\"section\">\n\t\t\t\t\t\t<div class=\"elementor-container elementor-column-gap-default\">\n\t\t\t\t\t<div class=\"elementor-column elementor-col-100 elementor-top-column elementor-element elementor-element-01fbb1c\" data-id=\"01fbb1c\" data-element_type=\"column\" data-e-type=\"column\">\n\t\t\t<div class=\"elementor-widget-wrap elementor-element-populated\">\n\t\t\t\t\t\t<div class=\"elementor-element elementor-element-c31f193 elementor-widget elementor-widget-heading\" data-id=\"c31f193\" data-element_type=\"widget\" data-e-type=\"widget\" data-widget_type=\"heading.default\">\n\t\t\t\t<div class=\"elementor-widget-container\">\n\t\t\t\t\t<h2 class=\"elementor-heading-title elementor-size-default\">\u00bfC\u00f3mo llegar al Iberia Festival de Benidorm?<\/h2>\t\t\t\t<\/div>\n\t\t\t\t<\/div>\n\t\t\t\t<div class=\"elementor-element elementor-element-c5729c8 elementor-widget elementor-widget-text-editor\" data-id=\"c5729c8\" data-element_type=\"widget\" data-e-type=\"widget\" data-widget_type=\"text-editor.default\">\n\t\t\t\t<div class=\"elementor-widget-container\">\n\t\t\t\t\t\t\t\t\t<p><span style=\"font-weight: 400;\">Es muy f\u00e1cil llegar al <\/span><b>Auditorio Julio Iglesias<\/b><span style=\"font-weight: 400;\"> para asistir al Iberia Festival 2024, ya que el recinto est\u00e1 en plena ciudad.&nbsp;<\/span><\/p>\t\t\t\t\t\t\t\t<\/div>\n\t\t\t\t<\/div>\n\t\t\t\t\t<\/div>\n\t\t<\/div>\n\t\t\t\t\t<\/div>\n\t\t<\/section>\n\t\t\t\t<section class=\"elementor-section elementor-top-section elementor-element elementor-element-15d58c5 elementor-section-boxed elementor-section-height-default elementor-section-height-default\" data-id=\"15d58c5\" data-element_type=\"section\" data-e-type=\"section\">\n\t\t\t\t\t\t<div class=\"elementor-container elementor-column-gap-default\">\n\t\t\t\t\t<div class=\"elementor-column elementor-col-50 elementor-top-column elementor-element elementor-element-4598fd7\" data-id=\"4598fd7\" data-element_type=\"column\" data-e-type=\"column\">\n\t\t\t<div class=\"elementor-widget-wrap elementor-element-populated\">\n\t\t\t\t\t\t<div class=\"elementor-element elementor-element-ae2526a elementor-widget elementor-widget-google_maps\" data-id=\"ae2526a\" data-element_type=\"widget\" data-e-type=\"widget\" data-widget_type=\"google_maps.default\">\n\t\t\t\t<div class=\"elementor-widget-container\">\n\t\t\t\t\t\t\t<div class=\"elementor-custom-embed\">\n\t\t\t<iframe loading=\"lazy\"\n\t\t\t\t\tsrc=\"https:\/\/maps.google.com\/maps?q=Auditorio%20Julio%20Iglesias&#038;t=m&#038;z=13&#038;output=embed&#038;iwloc=near\"\n\t\t\t\t\ttitle=\"Auditorio Julio Iglesias\"\n\t\t\t\t\taria-label=\"Auditorio Julio Iglesias\"\n\t\t\t><\/iframe>\n\t\t<\/div>\n\t\t\t\t\t\t<\/div>\n\t\t\t\t<\/div>\n\t\t\t\t\t<\/div>\n\t\t<\/div>\n\t\t\t\t<div class=\"elementor-column elementor-col-50 elementor-top-column elementor-element elementor-element-fb8a02e\" data-id=\"fb8a02e\" data-element_type=\"column\" data-e-type=\"column\">\n\t\t\t<div class=\"elementor-widget-wrap elementor-element-populated\">\n\t\t\t\t\t\t<div class=\"elementor-element elementor-element-aa1768a elementor-blockquote--skin-border elementor-widget elementor-widget-blockquote\" data-id=\"aa1768a\" data-element_type=\"widget\" data-e-type=\"widget\" data-widget_type=\"blockquote.default\">\n\t\t\t\t<div class=\"elementor-widget-container\">\n\t\t\t\t\t\t\t<blockquote class=\"elementor-blockquote\">\n\t\t\t<p class=\"elementor-blockquote__content\">\n\t\t\t\t<span style=\"text-align: justify\">Puedes incluso <b>caminar<\/b>: son unos 20 minutos desde la Playa del Levante, una de las m\u00e1s famosas de Benidorm y de Espa\u00f1a. Si prefieres ir en <b>coche<\/b>, tardar\u00e1s menos de 10 minutos en llegar, y tambi\u00e9n hay l\u00edneas de autob\u00fas que te dejar\u00e1n en la puerta del recinto. Si vienes de lejos, quiz\u00e1s te interese saber que <b>el aeropuerto m\u00e1s cercano es el de Alicante-Elche.<\/b> Desde este punto, puedes coger un b\u00fas que tarda poco m\u00e1s de 1 hora o ir en coche, un viaje que tarda unos 40 minutos.<\/span>\t\t\t<\/p>\n\t\t\t\t\t<\/blockquote>\n\t\t\t\t\t\t<\/div>\n\t\t\t\t<\/div>\n\t\t\t\t\t<\/div>\n\t\t<\/div>\n\t\t\t\t\t<\/div>\n\t\t<\/section>\n\t\t\t\t<section class=\"elementor-section elementor-top-section elementor-element elementor-element-b470d5d elementor-section-boxed elementor-section-height-default elementor-section-height-default\" data-id=\"b470d5d\" data-element_type=\"section\" data-e-type=\"section\">\n\t\t\t\t\t\t<div class=\"elementor-container elementor-column-gap-default\">\n\t\t\t\t\t<div class=\"elementor-column elementor-col-100 elementor-top-column elementor-element elementor-element-d407fab\" data-id=\"d407fab\" data-element_type=\"column\" data-e-type=\"column\">\n\t\t\t<div class=\"elementor-widget-wrap elementor-element-populated\">\n\t\t\t\t\t\t<div class=\"elementor-element elementor-element-9938659 elementor-widget elementor-widget-heading\" data-id=\"9938659\" data-element_type=\"widget\" data-e-type=\"widget\" data-widget_type=\"heading.default\">\n\t\t\t\t<div class=\"elementor-widget-container\">\n\t\t\t\t\t<h2 class=\"elementor-heading-title elementor-size-default\">Mejores actividades en Benidorm<\/h2>\t\t\t\t<\/div>\n\t\t\t\t<\/div>\n\t\t\t\t<div class=\"elementor-element elementor-element-669a98b elementor-widget elementor-widget-text-editor\" data-id=\"669a98b\" data-element_type=\"widget\" data-e-type=\"widget\" data-widget_type=\"text-editor.default\">\n\t\t\t\t<div class=\"elementor-widget-container\">\n\t\t\t\t\t\t\t\t\t<p><span style=\"font-weight: 400\">Seguro que te interesa saber qu\u00e9 se puede hacer en Benidorm mientras esperas que llegue la hora de los conciertos, as\u00ed que hemos preparado una peque\u00f1a lista con cosas interesantes para hacer en esta ciudad a orillas del Mediterr\u00e1neo.<\/span><\/p>\t\t\t\t\t\t\t\t<\/div>\n\t\t\t\t<\/div>\n\t\t\t\t\t<\/div>\n\t\t<\/div>\n\t\t\t\t\t<\/div>\n\t\t<\/section>\n\t\t\t\t<section class=\"elementor-section elementor-top-section elementor-element elementor-element-648a203 elementor-section-boxed elementor-section-height-default elementor-section-height-default\" data-id=\"648a203\" data-element_type=\"section\" data-e-type=\"section\">\n\t\t\t\t\t\t<div class=\"elementor-container elementor-column-gap-default\">\n\t\t\t\t\t<div class=\"elementor-column elementor-col-33 elementor-top-column elementor-element elementor-element-c1f5f75\" data-id=\"c1f5f75\" data-element_type=\"column\" data-e-type=\"column\">\n\t\t\t<div class=\"elementor-widget-wrap elementor-element-populated\">\n\t\t\t\t\t\t<div class=\"elementor-element elementor-element-7ef28a88 elementor-widget elementor-widget-heading\" data-id=\"7ef28a88\" data-element_type=\"widget\" data-e-type=\"widget\" data-widget_type=\"heading.default\">\n\t\t\t\t<div class=\"elementor-widget-container\">\n\t\t\t\t\t<h3 class=\"elementor-heading-title elementor-size-default\">Relajar en la playa<\/h3>\t\t\t\t<\/div>\n\t\t\t\t<\/div>\n\t\t\t\t<div class=\"elementor-element elementor-element-423bf78f elementor-widget elementor-widget-text-editor\" data-id=\"423bf78f\" data-element_type=\"widget\" data-e-type=\"widget\" data-widget_type=\"text-editor.default\">\n\t\t\t\t<div class=\"elementor-widget-container\">\n\t\t\t\t\t\t\t\t\t<p><span style=\"font-weight: 400\">Naturalmente, las playas ten\u00edan que estar en esta lista, y es que aprovechar el Mediterr\u00e1neo es algo casi obligatorio. La Playa de Levante y la Playa de Poniente son tus dos opciones de playas urbanas justo delante de la ciudad. Son playas amplias, con todos los servicios esenciales, y son perfectas para descansar un poco antes del festival. Pero Benidorm tambi\u00e9n tiene algunas calas, como Cala Almadraba, si prefieres alejarte de la multitud.<\/span><\/p>\t\t\t\t\t\t\t\t<\/div>\n\t\t\t\t<\/div>\n\t\t\t\t\t<\/div>\n\t\t<\/div>\n\t\t\t\t<div class=\"elementor-column elementor-col-33 elementor-top-column elementor-element elementor-element-12bffd9\" data-id=\"12bffd9\" data-element_type=\"column\" data-e-type=\"column\">\n\t\t\t<div class=\"elementor-widget-wrap elementor-element-populated\">\n\t\t\t\t\t\t<div class=\"elementor-element elementor-element-34c6e83 elementor-widget elementor-widget-heading\" data-id=\"34c6e83\" data-element_type=\"widget\" data-e-type=\"widget\" data-widget_type=\"heading.default\">\n\t\t\t\t<div class=\"elementor-widget-container\">\n\t\t\t\t\t<h3 class=\"elementor-heading-title elementor-size-default\">Diversi\u00f3n en Terra M\u00edtica<\/h3>\t\t\t\t<\/div>\n\t\t\t\t<\/div>\n\t\t\t\t<div class=\"elementor-element elementor-element-38b0bab elementor-widget elementor-widget-text-editor\" data-id=\"38b0bab\" data-element_type=\"widget\" data-e-type=\"widget\" data-widget_type=\"text-editor.default\">\n\t\t\t\t<div class=\"elementor-widget-container\">\n\t\t\t\t\t\t\t\t\t<p><span style=\"font-weight: 400\">Este fant\u00e1stico parque de atracciones tiene todo lo que necesitas para sentir un subid\u00f3n de adrenalina y pasar un rato muy divertido. Son m\u00e1s de 20 atracciones, para todas las edades y para todos los gustos. Cuenta adem\u00e1s con restaurantes, espect\u00e1culos y tiendas, as\u00ed que es un plan espectacular para hacer en familia durante todo el d\u00eda, antes de empezar con la m\u00fasica en directo.<\/span><\/p>\t\t\t\t\t\t\t\t<\/div>\n\t\t\t\t<\/div>\n\t\t\t\t\t<\/div>\n\t\t<\/div>\n\t\t\t\t<div class=\"elementor-column elementor-col-33 elementor-top-column elementor-element elementor-element-1ee87b0\" data-id=\"1ee87b0\" data-element_type=\"column\" data-e-type=\"column\">\n\t\t\t<div class=\"elementor-widget-wrap elementor-element-populated\">\n\t\t\t\t\t\t<div class=\"elementor-element elementor-element-5180f79 elementor-widget elementor-widget-heading\" data-id=\"5180f79\" data-element_type=\"widget\" data-e-type=\"widget\" data-widget_type=\"heading.default\">\n\t\t\t\t<div class=\"elementor-widget-container\">\n\t\t\t\t\t<h3 class=\"elementor-heading-title elementor-size-default\">Parque Natural de la Sierra Helada<\/h3>\t\t\t\t<\/div>\n\t\t\t\t<\/div>\n\t\t\t\t<div class=\"elementor-element elementor-element-ca73415 elementor-widget elementor-widget-text-editor\" data-id=\"ca73415\" data-element_type=\"widget\" data-e-type=\"widget\" data-widget_type=\"text-editor.default\">\n\t\t\t\t<div class=\"elementor-widget-container\">\n\t\t\t\t\t\t\t\t\t<p><span style=\"font-weight: 400\">Si te gusta la naturaleza, ve a este Parque Natural cercano a la ciudad de Benidorm, y descubre fant\u00e1sticas rutas, cuevas, vistas alucinantes y mucha fauna y flora. Hay varias opciones, tanto para los m\u00e1s aventureros como para quien busca un paseo agradable y relajado.<\/span><\/p>\t\t\t\t\t\t\t\t<\/div>\n\t\t\t\t<\/div>\n\t\t\t\t\t<\/div>\n\t\t<\/div>\n\t\t\t\t\t<\/div>\n\t\t<\/section>\n\t\t\t\t<section class=\"elementor-section elementor-top-section elementor-element elementor-element-0b6077f elementor-section-boxed elementor-section-height-default elementor-section-height-default\" data-id=\"0b6077f\" data-element_type=\"section\" data-e-type=\"section\">\n\t\t\t\t\t\t<div class=\"elementor-container elementor-column-gap-default\">\n\t\t\t\t\t<div class=\"elementor-column elementor-col-100 elementor-top-column elementor-element elementor-element-b12c1da\" data-id=\"b12c1da\" data-element_type=\"column\" data-e-type=\"column\">\n\t\t\t<div class=\"elementor-widget-wrap elementor-element-populated\">\n\t\t\t\t\t\t<div class=\"elementor-element elementor-element-38144e5 elementor-widget elementor-widget-heading\" data-id=\"38144e5\" data-element_type=\"widget\" data-e-type=\"widget\" data-widget_type=\"heading.default\">\n\t\t\t\t<div class=\"elementor-widget-container\">\n\t\t\t\t\t<h2 class=\"elementor-heading-title elementor-size-default\">\u00a1Ven a Benidorm y vive la experiencia del Iberia Festival 2024!<\/h2>\t\t\t\t<\/div>\n\t\t\t\t<\/div>\n\t\t\t\t<div class=\"elementor-element elementor-element-da42543 elementor-widget elementor-widget-text-editor\" data-id=\"da42543\" data-element_type=\"widget\" data-e-type=\"widget\" data-widget_type=\"text-editor.default\">\n\t\t\t\t<div class=\"elementor-widget-container\">\n\t\t\t\t\t\t\t\t\t<p><span style=\"font-weight: 400\">No te pierdas uno de los eventos del oto\u00f1o: \u00a1el Iberia Festival 2024 de Benidorm! Disfruta de todo lo que esta ciudad mediterr\u00e1nea tiene para ofrecerte y complementa tu viaje con un evento lleno de grandes conciertos y m\u00fasica top. Benidorm es m\u00e1s que sus playas, su naturaleza, los arroces en una terraza y los deportes acu\u00e1ticos. Tambi\u00e9n es cultura y diversi\u00f3n.<\/span><\/p><p><span style=\"font-weight: 400\">Para que tu viaje ocurra sin ning\u00fan problema, te sugerimos que busques alojamiento con alguna antelaci\u00f3n, ya que en estas fechas la demanda aumenta. Los mejores <\/span><a href=\"https:\/\/www.benidormparaiso.com\/\"><span style=\"font-weight: 400\">alojamientos en Benidorm<\/span><\/a><span style=\"font-weight: 400\"> est\u00e1n aqu\u00ed, as\u00ed que encuentra ya el tuyo y vive momentos incre\u00edbles con tus amigos, pareja o familia en el Iberia Festival 2024 de Benidorm.<\/span><\/p>\t\t\t\t\t\t\t\t<\/div>\n\t\t\t\t<\/div>\n\t\t\t\t\t<\/div>\n\t\t<\/div>\n\t\t\t\t\t<\/div>\n\t\t<\/section>\n\t\t\t\t<section class=\"elementor-section elementor-top-section elementor-element elementor-element-2f674628 elementor-section-boxed elementor-section-height-default elementor-section-height-default\" data-id=\"2f674628\" data-element_type=\"section\" data-e-type=\"section\">\n\t\t\t\t\t\t<div class=\"elementor-container elementor-column-gap-default\">\n\t\t\t\t\t<div class=\"elementor-column elementor-col-50 elementor-top-column elementor-element elementor-element-a0741b3\" data-id=\"a0741b3\" data-element_type=\"column\" data-e-type=\"column\">\n\t\t\t<div class=\"elementor-widget-wrap elementor-element-populated\">\n\t\t\t\t\t\t<div class=\"elementor-element elementor-element-57960177 elementor-cta--skin-cover elementor-cta--valign-bottom elementor-widget__width-initial elementor-animated-content elementor-bg-transform elementor-bg-transform-zoom-in elementor-widget elementor-widget-call-to-action\" data-id=\"57960177\" data-element_type=\"widget\" data-e-type=\"widget\" data-widget_type=\"call-to-action.default\">\n\t\t\t\t<div class=\"elementor-widget-container\">\n\t\t\t\t\t\t\t<div class=\"elementor-cta\">\n\t\t\t\t\t<div class=\"elementor-cta__bg-wrapper\">\n\t\t\t\t<div class=\"elementor-cta__bg elementor-bg\" style=\"background-image: url(https:\/\/www.benidormparaiso.com\/blog\/wp-content\/uploads\/2024\/01\/Vacacinoes-Costa-Blanca-en-Benidorm.jpg);\" role=\"img\" aria-label=\"Vacacinoes Costa Blanca en Benidorm\"><\/div>\n\t\t\t\t<div class=\"elementor-cta__bg-overlay\"><\/div>\n\t\t\t<\/div>\n\t\t\t\t\t\t\t<div class=\"elementor-cta__content\">\n\t\t\t\t\n\t\t\t\t\n\t\t\t\t\n\t\t\t\t\t\t\t\t\t<div class=\"elementor-cta__button-wrapper elementor-cta__content-item elementor-content-item elementor-animated-item--grow\">\n\t\t\t\t\t<a class=\"elementor-cta__button elementor-button elementor-size-\" href=\"https:\/\/www.benidormparaiso.com\/alquiler-de-alojamientos-en-benidorm\">\n\t\t\t\t\t\tAlojamientos en Benidorm\t\t\t\t\t<\/a>\n\t\t\t\t\t<\/div>\n\t\t\t\t\t\t\t<\/div>\n\t\t\t\t\t\t<\/div>\n\t\t\t\t\t\t<\/div>\n\t\t\t\t<\/div>\n\t\t\t\t\t<\/div>\n\t\t<\/div>\n\t\t\t\t<div class=\"elementor-column elementor-col-50 elementor-top-column elementor-element elementor-element-5a4b33ee\" data-id=\"5a4b33ee\" data-element_type=\"column\" data-e-type=\"column\">\n\t\t\t<div class=\"elementor-widget-wrap elementor-element-populated\">\n\t\t\t\t\t\t<div class=\"elementor-element elementor-element-3003c8eb elementor-cta--skin-cover elementor-cta--valign-bottom elementor-animated-content elementor-bg-transform elementor-bg-transform-zoom-in elementor-widget elementor-widget-call-to-action\" data-id=\"3003c8eb\" data-element_type=\"widget\" data-e-type=\"widget\" data-widget_type=\"call-to-action.default\">\n\t\t\t\t<div class=\"elementor-widget-container\">\n\t\t\t\t\t\t\t<div class=\"elementor-cta\">\n\t\t\t\t\t<div class=\"elementor-cta__bg-wrapper\">\n\t\t\t\t<div class=\"elementor-cta__bg elementor-bg\" style=\"background-image: url(https:\/\/www.benidormparaiso.com\/blog\/wp-content\/uploads\/2024\/02\/suite-1-dormitorio-benidorm-1920x630.jpg);\" role=\"img\" aria-label=\"Suite 1 dormitorio benidorm\"><\/div>\n\t\t\t\t<div class=\"elementor-cta__bg-overlay\"><\/div>\n\t\t\t<\/div>\n\t\t\t\t\t\t\t<div class=\"elementor-cta__content\">\n\t\t\t\t\n\t\t\t\t\n\t\t\t\t\n\t\t\t\t\t\t\t\t\t<div class=\"elementor-cta__button-wrapper elementor-cta__content-item elementor-content-item elementor-animated-item--grow\">\n\t\t\t\t\t<a class=\"elementor-cta__button elementor-button elementor-size-\" href=\"https:\/\/www.benidormparaiso.com\/alquiler\/alquiler-alquileres-d0\/\">\n\t\t\t\t\t\tApartamentos en Benidorm\t\t\t\t\t<\/a>\n\t\t\t\t\t<\/div>\n\t\t\t\t\t\t\t<\/div>\n\t\t\t\t\t\t<\/div>\n\t\t\t\t\t\t<\/div>\n\t\t\t\t<\/div>\n\t\t\t\t\t<\/div>\n\t\t<\/div>\n\t\t\t\t\t<\/div>\n\t\t<\/section>\n\t\t\t\t<\/div>\n\t\t","protected":false},"excerpt":{"rendered":"<p>Ahora tienes un motivo m\u00e1s para visitar Benidorm: el Iberia Festival 2024, que trae a\u00fan m\u00e1s m\u00fasica y animaci\u00f3n a esta joya del Mediterr\u00e1neo. La 12\u00aa edici\u00f3n de este festival tendr\u00e1 como principal atractivo algunos de los mejores grupos del pop y del rock nacional, algo que lo hace perfecto para casi todos los p\u00fablicos. [&hellip;]<\/p>\n","protected":false},"author":4,"featured_media":723,"comment_status":"open","ping_status":"open","sticky":false,"template":"","format":"standard","meta":{"footnotes":""},"categories":[25],"tags":[79],"class_list":["post-712","post","type-post","status-publish","format-standard","has-post-thumbnail","hentry","category-eventos","tag-no-template"],"yoast_head":"<!-- This site is optimized with the Yoast SEO plugin v27.4 - https:\/\/yoast.com\/product\/yoast-seo-wordpress\/ -->\n<title>Todo sobre el Iberia Festival 2024 - Blog | Lo mejor de Benidorm<\/title>\n<meta name=\"description\" content=\"Vive el Iberia Festival 2024 y disfruta de la mejor m\u00fasica en un evento inolvidable. \u00a1Consigue tus entradas!\" \/>\n<meta name=\"robots\" content=\"index, follow, max-snippet:-1, max-image-preview:large, max-video-preview:-1\" \/>\n<link rel=\"canonical\" href=\"https:\/\/www.benidormparaiso.com\/blog\/iberia-festival-benidorm\/\" \/>\n<meta property=\"og:locale\" content=\"es_ES\" \/>\n<meta property=\"og:type\" content=\"article\" \/>\n<meta property=\"og:title\" content=\"Todo sobre el Iberia Festival 2024 - Blog | Lo mejor de Benidorm\" \/>\n<meta property=\"og:description\" content=\"Vive el Iberia Festival 2024 y disfruta de la mejor m\u00fasica en un evento inolvidable. \u00a1Consigue tus entradas!\" \/>\n<meta property=\"og:url\" content=\"https:\/\/www.benidormparaiso.com\/blog\/iberia-festival-benidorm\/\" \/>\n<meta property=\"og:site_name\" content=\"Blog | Lo mejor de Benidorm\" \/>\n<meta property=\"article:published_time\" content=\"2024-07-12T07:04:10+00:00\" \/>\n<meta property=\"article:modified_time\" content=\"2026-03-04T15:43:11+00:00\" \/>\n<meta property=\"og:image\" content=\"https:\/\/www.benidormparaiso.com\/blog\/wp-content\/uploads\/2024\/07\/benidorm-iberia-festival-2024.jpg\" \/>\n\t<meta property=\"og:image:width\" content=\"1920\" \/>\n\t<meta property=\"og:image:height\" content=\"670\" \/>\n\t<meta property=\"og:image:type\" content=\"image\/jpeg\" \/>\n<meta name=\"author\" content=\"Rui\" \/>\n<meta name=\"twitter:card\" content=\"summary_large_image\" \/>\n<meta name=\"twitter:label1\" content=\"Written by\" \/>\n\t<meta name=\"twitter:data1\" content=\"Rui\" \/>\n\t<meta name=\"twitter:label2\" content=\"Est. reading time\" \/>\n\t<meta name=\"twitter:data2\" content=\"5 minutes\" \/>\n<script type=\"application\/ld+json\" class=\"yoast-schema-graph\">{\"@context\":\"https:\\\/\\\/schema.org\",\"@graph\":[{\"@type\":\"Article\",\"@id\":\"https:\\\/\\\/www.benidormparaiso.com\\\/blog\\\/iberia-festival-benidorm\\\/#article\",\"isPartOf\":{\"@id\":\"https:\\\/\\\/www.benidormparaiso.com\\\/blog\\\/iberia-festival-benidorm\\\/\"},\"author\":{\"name\":\"Rui\",\"@id\":\"https:\\\/\\\/www.benidormparaiso.com\\\/blog\\\/#\\\/schema\\\/person\\\/bdcf1cd8e51de4cac0c90d8ca9863d33\"},\"headline\":\"Todo sobre el Iberia Festival 2024\",\"datePublished\":\"2024-07-12T07:04:10+00:00\",\"dateModified\":\"2026-03-04T15:43:11+00:00\",\"mainEntityOfPage\":{\"@id\":\"https:\\\/\\\/www.benidormparaiso.com\\\/blog\\\/iberia-festival-benidorm\\\/\"},\"wordCount\":1082,\"commentCount\":0,\"publisher\":{\"@id\":\"https:\\\/\\\/www.benidormparaiso.com\\\/blog\\\/#organization\"},\"image\":{\"@id\":\"https:\\\/\\\/www.benidormparaiso.com\\\/blog\\\/iberia-festival-benidorm\\\/#primaryimage\"},\"thumbnailUrl\":\"https:\\\/\\\/www.benidormparaiso.com\\\/blog\\\/wp-content\\\/uploads\\\/2024\\\/07\\\/benidorm-iberia-festival-2024.jpg\",\"keywords\":[\"No template\"],\"articleSection\":[\"Eventos\"],\"inLanguage\":\"es\",\"potentialAction\":[{\"@type\":\"CommentAction\",\"name\":\"Comment\",\"target\":[\"https:\\\/\\\/www.benidormparaiso.com\\\/blog\\\/iberia-festival-benidorm\\\/#respond\"]}]},{\"@type\":\"WebPage\",\"@id\":\"https:\\\/\\\/www.benidormparaiso.com\\\/blog\\\/iberia-festival-benidorm\\\/\",\"url\":\"https:\\\/\\\/www.benidormparaiso.com\\\/blog\\\/iberia-festival-benidorm\\\/\",\"name\":\"Todo sobre el Iberia Festival 2024 - Blog | Lo mejor de Benidorm\",\"isPartOf\":{\"@id\":\"https:\\\/\\\/www.benidormparaiso.com\\\/blog\\\/#website\"},\"primaryImageOfPage\":{\"@id\":\"https:\\\/\\\/www.benidormparaiso.com\\\/blog\\\/iberia-festival-benidorm\\\/#primaryimage\"},\"image\":{\"@id\":\"https:\\\/\\\/www.benidormparaiso.com\\\/blog\\\/iberia-festival-benidorm\\\/#primaryimage\"},\"thumbnailUrl\":\"https:\\\/\\\/www.benidormparaiso.com\\\/blog\\\/wp-content\\\/uploads\\\/2024\\\/07\\\/benidorm-iberia-festival-2024.jpg\",\"datePublished\":\"2024-07-12T07:04:10+00:00\",\"dateModified\":\"2026-03-04T15:43:11+00:00\",\"description\":\"Vive el Iberia Festival 2024 y disfruta de la mejor m\u00fasica en un evento inolvidable. \u00a1Consigue tus entradas!\",\"breadcrumb\":{\"@id\":\"https:\\\/\\\/www.benidormparaiso.com\\\/blog\\\/iberia-festival-benidorm\\\/#breadcrumb\"},\"inLanguage\":\"es\",\"potentialAction\":[{\"@type\":\"ReadAction\",\"target\":[\"https:\\\/\\\/www.benidormparaiso.com\\\/blog\\\/iberia-festival-benidorm\\\/\"]}]},{\"@type\":\"ImageObject\",\"inLanguage\":\"es\",\"@id\":\"https:\\\/\\\/www.benidormparaiso.com\\\/blog\\\/iberia-festival-benidorm\\\/#primaryimage\",\"url\":\"https:\\\/\\\/www.benidormparaiso.com\\\/blog\\\/wp-content\\\/uploads\\\/2024\\\/07\\\/benidorm-iberia-festival-2024.jpg\",\"contentUrl\":\"https:\\\/\\\/www.benidormparaiso.com\\\/blog\\\/wp-content\\\/uploads\\\/2024\\\/07\\\/benidorm-iberia-festival-2024.jpg\",\"width\":1920,\"height\":670,\"caption\":\"benidorm iberia festival 2024\"},{\"@type\":\"BreadcrumbList\",\"@id\":\"https:\\\/\\\/www.benidormparaiso.com\\\/blog\\\/iberia-festival-benidorm\\\/#breadcrumb\",\"itemListElement\":[{\"@type\":\"ListItem\",\"position\":1,\"name\":\"Home\",\"item\":\"https:\\\/\\\/www.benidormparaiso.com\\\/blog\\\/en\\\/\"},{\"@type\":\"ListItem\",\"position\":2,\"name\":\"Todo sobre el Iberia Festival 2024\"}]},{\"@type\":\"WebSite\",\"@id\":\"https:\\\/\\\/www.benidormparaiso.com\\\/blog\\\/#website\",\"url\":\"https:\\\/\\\/www.benidormparaiso.com\\\/blog\\\/\",\"name\":\"Blog | Lo mejor de Benidorm\",\"description\":\"Benidormparaiso\",\"publisher\":{\"@id\":\"https:\\\/\\\/www.benidormparaiso.com\\\/blog\\\/#organization\"},\"potentialAction\":[{\"@type\":\"SearchAction\",\"target\":{\"@type\":\"EntryPoint\",\"urlTemplate\":\"https:\\\/\\\/www.benidormparaiso.com\\\/blog\\\/?s={search_term_string}\"},\"query-input\":{\"@type\":\"PropertyValueSpecification\",\"valueRequired\":true,\"valueName\":\"search_term_string\"}}],\"inLanguage\":\"es\"},{\"@type\":\"Organization\",\"@id\":\"https:\\\/\\\/www.benidormparaiso.com\\\/blog\\\/#organization\",\"name\":\"Blog | Lo mejor de Benidorm\",\"url\":\"https:\\\/\\\/www.benidormparaiso.com\\\/blog\\\/\",\"logo\":{\"@type\":\"ImageObject\",\"inLanguage\":\"es\",\"@id\":\"https:\\\/\\\/www.benidormparaiso.com\\\/blog\\\/#\\\/schema\\\/logo\\\/image\\\/\",\"url\":\"https:\\\/\\\/www.benidormparaiso.com\\\/blog\\\/wp-content\\\/uploads\\\/2023\\\/08\\\/logo-10.png\",\"contentUrl\":\"https:\\\/\\\/www.benidormparaiso.com\\\/blog\\\/wp-content\\\/uploads\\\/2023\\\/08\\\/logo-10.png\",\"width\":350,\"height\":354,\"caption\":\"Blog | Lo mejor de Benidorm\"},\"image\":{\"@id\":\"https:\\\/\\\/www.benidormparaiso.com\\\/blog\\\/#\\\/schema\\\/logo\\\/image\\\/\"}},{\"@type\":\"Person\",\"@id\":\"https:\\\/\\\/www.benidormparaiso.com\\\/blog\\\/#\\\/schema\\\/person\\\/bdcf1cd8e51de4cac0c90d8ca9863d33\",\"name\":\"Rui\",\"image\":{\"@type\":\"ImageObject\",\"inLanguage\":\"es\",\"@id\":\"https:\\\/\\\/secure.gravatar.com\\\/avatar\\\/a38ee8cdbacfab6e36a7213a319aecff60b0580665839c1ae56aa02edbe73002?s=96&d=mm&r=g\",\"url\":\"https:\\\/\\\/secure.gravatar.com\\\/avatar\\\/a38ee8cdbacfab6e36a7213a319aecff60b0580665839c1ae56aa02edbe73002?s=96&d=mm&r=g\",\"contentUrl\":\"https:\\\/\\\/secure.gravatar.com\\\/avatar\\\/a38ee8cdbacfab6e36a7213a319aecff60b0580665839c1ae56aa02edbe73002?s=96&d=mm&r=g\",\"caption\":\"Rui\"},\"url\":\"https:\\\/\\\/www.benidormparaiso.com\\\/blog\\\/author\\\/rui\\\/\"}]}<\/script>\n<!-- \/ Yoast SEO plugin. -->","yoast_head_json":{"title":"Todo sobre el Iberia Festival 2024 - Blog | Lo mejor de Benidorm","description":"Vive el Iberia Festival 2024 y disfruta de la mejor m\u00fasica en un evento inolvidable. \u00a1Consigue tus entradas!","robots":{"index":"index","follow":"follow","max-snippet":"max-snippet:-1","max-image-preview":"max-image-preview:large","max-video-preview":"max-video-preview:-1"},"canonical":"https:\/\/www.benidormparaiso.com\/blog\/iberia-festival-benidorm\/","og_locale":"es_ES","og_type":"article","og_title":"Todo sobre el Iberia Festival 2024 - Blog | Lo mejor de Benidorm","og_description":"Vive el Iberia Festival 2024 y disfruta de la mejor m\u00fasica en un evento inolvidable. \u00a1Consigue tus entradas!","og_url":"https:\/\/www.benidormparaiso.com\/blog\/iberia-festival-benidorm\/","og_site_name":"Blog | Lo mejor de Benidorm","article_published_time":"2024-07-12T07:04:10+00:00","article_modified_time":"2026-03-04T15:43:11+00:00","og_image":[{"width":1920,"height":670,"url":"https:\/\/www.benidormparaiso.com\/blog\/wp-content\/uploads\/2024\/07\/benidorm-iberia-festival-2024.jpg","type":"image\/jpeg"}],"author":"Rui","twitter_card":"summary_large_image","twitter_misc":{"Written by":"Rui","Est. reading time":"5 minutes"},"schema":{"@context":"https:\/\/schema.org","@graph":[{"@type":"Article","@id":"https:\/\/www.benidormparaiso.com\/blog\/iberia-festival-benidorm\/#article","isPartOf":{"@id":"https:\/\/www.benidormparaiso.com\/blog\/iberia-festival-benidorm\/"},"author":{"name":"Rui","@id":"https:\/\/www.benidormparaiso.com\/blog\/#\/schema\/person\/bdcf1cd8e51de4cac0c90d8ca9863d33"},"headline":"Todo sobre el Iberia Festival 2024","datePublished":"2024-07-12T07:04:10+00:00","dateModified":"2026-03-04T15:43:11+00:00","mainEntityOfPage":{"@id":"https:\/\/www.benidormparaiso.com\/blog\/iberia-festival-benidorm\/"},"wordCount":1082,"commentCount":0,"publisher":{"@id":"https:\/\/www.benidormparaiso.com\/blog\/#organization"},"image":{"@id":"https:\/\/www.benidormparaiso.com\/blog\/iberia-festival-benidorm\/#primaryimage"},"thumbnailUrl":"https:\/\/www.benidormparaiso.com\/blog\/wp-content\/uploads\/2024\/07\/benidorm-iberia-festival-2024.jpg","keywords":["No template"],"articleSection":["Eventos"],"inLanguage":"es","potentialAction":[{"@type":"CommentAction","name":"Comment","target":["https:\/\/www.benidormparaiso.com\/blog\/iberia-festival-benidorm\/#respond"]}]},{"@type":"WebPage","@id":"https:\/\/www.benidormparaiso.com\/blog\/iberia-festival-benidorm\/","url":"https:\/\/www.benidormparaiso.com\/blog\/iberia-festival-benidorm\/","name":"Todo sobre el Iberia Festival 2024 - Blog | Lo mejor de Benidorm","isPartOf":{"@id":"https:\/\/www.benidormparaiso.com\/blog\/#website"},"primaryImageOfPage":{"@id":"https:\/\/www.benidormparaiso.com\/blog\/iberia-festival-benidorm\/#primaryimage"},"image":{"@id":"https:\/\/www.benidormparaiso.com\/blog\/iberia-festival-benidorm\/#primaryimage"},"thumbnailUrl":"https:\/\/www.benidormparaiso.com\/blog\/wp-content\/uploads\/2024\/07\/benidorm-iberia-festival-2024.jpg","datePublished":"2024-07-12T07:04:10+00:00","dateModified":"2026-03-04T15:43:11+00:00","description":"Vive el Iberia Festival 2024 y disfruta de la mejor m\u00fasica en un evento inolvidable. \u00a1Consigue tus entradas!","breadcrumb":{"@id":"https:\/\/www.benidormparaiso.com\/blog\/iberia-festival-benidorm\/#breadcrumb"},"inLanguage":"es","potentialAction":[{"@type":"ReadAction","target":["https:\/\/www.benidormparaiso.com\/blog\/iberia-festival-benidorm\/"]}]},{"@type":"ImageObject","inLanguage":"es","@id":"https:\/\/www.benidormparaiso.com\/blog\/iberia-festival-benidorm\/#primaryimage","url":"https:\/\/www.benidormparaiso.com\/blog\/wp-content\/uploads\/2024\/07\/benidorm-iberia-festival-2024.jpg","contentUrl":"https:\/\/www.benidormparaiso.com\/blog\/wp-content\/uploads\/2024\/07\/benidorm-iberia-festival-2024.jpg","width":1920,"height":670,"caption":"benidorm iberia festival 2024"},{"@type":"BreadcrumbList","@id":"https:\/\/www.benidormparaiso.com\/blog\/iberia-festival-benidorm\/#breadcrumb","itemListElement":[{"@type":"ListItem","position":1,"name":"Home","item":"https:\/\/www.benidormparaiso.com\/blog\/en\/"},{"@type":"ListItem","position":2,"name":"Todo sobre el Iberia Festival 2024"}]},{"@type":"WebSite","@id":"https:\/\/www.benidormparaiso.com\/blog\/#website","url":"https:\/\/www.benidormparaiso.com\/blog\/","name":"Blog | Lo mejor de Benidorm","description":"Benidormparaiso","publisher":{"@id":"https:\/\/www.benidormparaiso.com\/blog\/#organization"},"potentialAction":[{"@type":"SearchAction","target":{"@type":"EntryPoint","urlTemplate":"https:\/\/www.benidormparaiso.com\/blog\/?s={search_term_string}"},"query-input":{"@type":"PropertyValueSpecification","valueRequired":true,"valueName":"search_term_string"}}],"inLanguage":"es"},{"@type":"Organization","@id":"https:\/\/www.benidormparaiso.com\/blog\/#organization","name":"Blog | Lo mejor de Benidorm","url":"https:\/\/www.benidormparaiso.com\/blog\/","logo":{"@type":"ImageObject","inLanguage":"es","@id":"https:\/\/www.benidormparaiso.com\/blog\/#\/schema\/logo\/image\/","url":"https:\/\/www.benidormparaiso.com\/blog\/wp-content\/uploads\/2023\/08\/logo-10.png","contentUrl":"https:\/\/www.benidormparaiso.com\/blog\/wp-content\/uploads\/2023\/08\/logo-10.png","width":350,"height":354,"caption":"Blog | Lo mejor de Benidorm"},"image":{"@id":"https:\/\/www.benidormparaiso.com\/blog\/#\/schema\/logo\/image\/"}},{"@type":"Person","@id":"https:\/\/www.benidormparaiso.com\/blog\/#\/schema\/person\/bdcf1cd8e51de4cac0c90d8ca9863d33","name":"Rui","image":{"@type":"ImageObject","inLanguage":"es","@id":"https:\/\/secure.gravatar.com\/avatar\/a38ee8cdbacfab6e36a7213a319aecff60b0580665839c1ae56aa02edbe73002?s=96&d=mm&r=g","url":"https:\/\/secure.gravatar.com\/avatar\/a38ee8cdbacfab6e36a7213a319aecff60b0580665839c1ae56aa02edbe73002?s=96&d=mm&r=g","contentUrl":"https:\/\/secure.gravatar.com\/avatar\/a38ee8cdbacfab6e36a7213a319aecff60b0580665839c1ae56aa02edbe73002?s=96&d=mm&r=g","caption":"Rui"},"url":"https:\/\/www.benidormparaiso.com\/blog\/author\/rui\/"}]}},"_links":{"self":[{"href":"https:\/\/www.benidormparaiso.com\/blog\/wp-json\/wp\/v2\/posts\/712","targetHints":{"allow":["GET"]}}],"collection":[{"href":"https:\/\/www.benidormparaiso.com\/blog\/wp-json\/wp\/v2\/posts"}],"about":[{"href":"https:\/\/www.benidormparaiso.com\/blog\/wp-json\/wp\/v2\/types\/post"}],"author":[{"embeddable":true,"href":"https:\/\/www.benidormparaiso.com\/blog\/wp-json\/wp\/v2\/users\/4"}],"replies":[{"embeddable":true,"href":"https:\/\/www.benidormparaiso.com\/blog\/wp-json\/wp\/v2\/comments?post=712"}],"version-history":[{"count":8,"href":"https:\/\/www.benidormparaiso.com\/blog\/wp-json\/wp\/v2\/posts\/712\/revisions"}],"predecessor-version":[{"id":727,"href":"https:\/\/www.benidormparaiso.com\/blog\/wp-json\/wp\/v2\/posts\/712\/revisions\/727"}],"wp:featuredmedia":[{"embeddable":true,"href":"https:\/\/www.benidormparaiso.com\/blog\/wp-json\/wp\/v2\/media\/723"}],"wp:attachment":[{"href":"https:\/\/www.benidormparaiso.com\/blog\/wp-json\/wp\/v2\/media?parent=712"}],"wp:term":[{"taxonomy":"category","embeddable":true,"href":"https:\/\/www.benidormparaiso.com\/blog\/wp-json\/wp\/v2\/categories?post=712"},{"taxonomy":"post_tag","embeddable":true,"href":"https:\/\/www.benidormparaiso.com\/blog\/wp-json\/wp\/v2\/tags?post=712"}],"curies":[{"name":"wp","href":"https:\/\/api.w.org\/{rel}","templated":true}]}}