{"id":740,"date":"2024-07-17T10:54:26","date_gmt":"2024-07-17T10:54:26","guid":{"rendered":"https:\/\/www.benidormparaiso.com\/blog\/?p=740"},"modified":"2024-07-17T10:58:52","modified_gmt":"2024-07-17T10:58:52","slug":"los-mejores-apartamentos-vacacionales-en-playa-de-levante-en-benidorm","status":"publish","type":"post","link":"https:\/\/www.benidormparaiso.com\/blog\/los-mejores-apartamentos-vacacionales-en-playa-de-levante-en-benidorm\/","title":{"rendered":"Los mejores apartamentos vacacionales en playa de Levante en Benidorm"},"content":{"rendered":"\t\t<div data-elementor-type=\"wp-post\" data-elementor-id=\"740\" class=\"elementor elementor-740\" data-elementor-post-type=\"post\">\n\t\t\t\t\t\t<section class=\"elementor-section elementor-top-section elementor-element elementor-element-6a5a022b elementor-section-boxed elementor-section-height-default elementor-section-height-default\" data-id=\"6a5a022b\" data-element_type=\"section\" data-e-type=\"section\">\n\t\t\t\t\t\t<div class=\"elementor-container elementor-column-gap-default\">\n\t\t\t\t\t<div class=\"elementor-column elementor-col-100 elementor-top-column elementor-element elementor-element-1872d185\" data-id=\"1872d185\" data-element_type=\"column\" data-e-type=\"column\">\n\t\t\t<div class=\"elementor-widget-wrap elementor-element-populated\">\n\t\t\t\t\t\t<div class=\"elementor-element elementor-element-73e6662c elementor-widget elementor-widget-text-editor\" data-id=\"73e6662c\" data-element_type=\"widget\" data-e-type=\"widget\" data-widget_type=\"text-editor.default\">\n\t\t\t\t<div class=\"elementor-widget-container\">\n\t\t\t\t\t\t\t\t\t<p><span style=\"font-weight: 400;\">En el coraz\u00f3n de Benidorm, a orillas del Mediterr\u00e1neo, te invitamos a descubrir la maravilla de nuestros alojamientos. Descubre la singularidad y la comodidad de los apartamentos en la zona de Playa de Levante, donde la playa se convierte en tu refugio y el encanto de Benidorm en tu hogar lejos de casa.<\/span><\/p><p><span style=\"font-weight: 400;\">Si est\u00e1s ansioso por vivir una escapada inolvidable en la hermosa ciudad de Benidorm, nuestros alojarte cerca de la Playa de Levante se presentan como el lugar perfecto para hacer de tu estancia un momento a\u00fan m\u00e1s excepcional, <strong>descubre nuestros apartamentos vacacionales en la zona de Playa de Levante en Benidorm<\/strong>.<\/span><\/p>\t\t\t\t\t\t\t\t<\/div>\n\t\t\t\t<\/div>\n\t\t\t\t<div class=\"elementor-element elementor-element-29f31e06 elementor-widget elementor-widget-heading\" data-id=\"29f31e06\" data-element_type=\"widget\" data-e-type=\"widget\" data-widget_type=\"heading.default\">\n\t\t\t\t<div class=\"elementor-widget-container\">\n\t\t\t\t\t<h2 class=\"elementor-heading-title elementor-size-default\">Disfruta Benidorm desde nuestros apartamentos cerca de la playa de Levante\n\n<\/h2>\t\t\t\t<\/div>\n\t\t\t\t<\/div>\n\t\t\t\t<div class=\"elementor-element elementor-element-33432252 elementor-widget elementor-widget-text-editor\" data-id=\"33432252\" data-element_type=\"widget\" data-e-type=\"widget\" data-widget_type=\"text-editor.default\">\n\t\t\t\t<div class=\"elementor-widget-container\">\n\t\t\t\t\t\t\t\t\t<p><span style=\"font-weight: 400;\">Elegir uno de nuestros <\/span><b>apartamentos vacacionales en la Playa de Levante<\/b><span style=\"font-weight: 400;\"> es m\u00e1s que encontrar un lugar donde descansar; es sumergirse en una experiencia aut\u00e9ntica en Benidorm. Desde el primer amanecer, cuando los primeros rayos de sol iluminan las playas, te das cuenta de que has escogido un lugar especial.<\/span><\/p><p><span style=\"font-weight: 400;\">La Playa de Levante es uno de los <strong>epicentros de la actividad en Benidorm<\/strong>: deportes acu\u00e1ticos, buen ambiente y una animada vida cultural. En el coraz\u00f3n de la ciudad, cada calle tiene su propia historia y cada rinc\u00f3n ofrece algo nuevo por descubrir.<\/span><\/p><p><span style=\"font-weight: 400;\">Alojarte aqu\u00ed significa tener poca distancia al mar y estar a pocos pasos de los mejores restaurantes, bares, tiendas y lugares emblem\u00e1ticos. Es la combinaci\u00f3n perfecta entre la relajaci\u00f3n de la playa y el dinamismo urbano. Al final del d\u00eda, tu apartamento te ofrece un lugar tranquilo donde puedes relajarte y prepararte para otra jornada emocionante en la ciudad.<\/span><\/p><p><span style=\"font-weight: 400;\">Entendemos que cada viajero es \u00fanico, al igual que sus necesidades. Por eso, nuestra selecci\u00f3n de apartamentos en la Playa de Levante ofrece algo para todos: desde espacios acogedores para parejas hasta amplios alojamientos para familias. Todos cuentan con comodidades modernas y, por supuesto, con buenas vistas. Transforma tu visita a Benidorm en una experiencia aut\u00e9ntica.<\/span><\/p>\t\t\t\t\t\t\t\t<\/div>\n\t\t\t\t<\/div>\n\t\t\t\t\t<\/div>\n\t\t<\/div>\n\t\t\t\t\t<\/div>\n\t\t<\/section>\n\t\t\t\t<section class=\"elementor-section elementor-top-section elementor-element elementor-element-2e185316 elementor-section-boxed elementor-section-height-default elementor-section-height-default\" data-id=\"2e185316\" data-element_type=\"section\" data-e-type=\"section\">\n\t\t\t\t\t\t<div class=\"elementor-container elementor-column-gap-default\">\n\t\t\t\t\t<div class=\"elementor-column elementor-col-100 elementor-top-column elementor-element elementor-element-3ceb2817\" data-id=\"3ceb2817\" data-element_type=\"column\" data-e-type=\"column\">\n\t\t\t<div class=\"elementor-widget-wrap elementor-element-populated\">\n\t\t\t\t\t\t<div class=\"elementor-element elementor-element-6f86393f elementor-widget elementor-widget-image\" data-id=\"6f86393f\" data-element_type=\"widget\" data-e-type=\"widget\" data-widget_type=\"image.default\">\n\t\t\t\t<div class=\"elementor-widget-container\">\n\t\t\t\t\t\t\t\t\t\t\t\t\t\t\t<img fetchpriority=\"high\" decoding=\"async\" width=\"1920\" height=\"650\" src=\"https:\/\/www.benidormparaiso.com\/blog\/wp-content\/uploads\/2024\/07\/Apartamentos-vacacionales-playa-de-levante-Benidorm.webp\" class=\"attachment-full size-full wp-image-742\" alt=\"Apartamentos-vacacionales-playa-de-levante-Benidorm\" srcset=\"https:\/\/www.benidormparaiso.com\/blog\/wp-content\/uploads\/2024\/07\/Apartamentos-vacacionales-playa-de-levante-Benidorm.webp 1920w, https:\/\/www.benidormparaiso.com\/blog\/wp-content\/uploads\/2024\/07\/Apartamentos-vacacionales-playa-de-levante-Benidorm-768x260.webp 768w, https:\/\/www.benidormparaiso.com\/blog\/wp-content\/uploads\/2024\/07\/Apartamentos-vacacionales-playa-de-levante-Benidorm-1536x520.webp 1536w\" sizes=\"(max-width: 1920px) 100vw, 1920px\" \/>\t\t\t\t\t\t\t\t\t\t\t\t\t\t\t<\/div>\n\t\t\t\t<\/div>\n\t\t\t\t\t<\/div>\n\t\t<\/div>\n\t\t\t\t\t<\/div>\n\t\t<\/section>\n\t\t\t\t<section class=\"elementor-section elementor-top-section elementor-element elementor-element-126ca25d elementor-section-boxed elementor-section-height-default elementor-section-height-default\" data-id=\"126ca25d\" data-element_type=\"section\" data-e-type=\"section\">\n\t\t\t\t\t\t<div class=\"elementor-container elementor-column-gap-default\">\n\t\t\t\t\t<div class=\"elementor-column elementor-col-100 elementor-top-column elementor-element elementor-element-7fc8487a\" data-id=\"7fc8487a\" data-element_type=\"column\" data-e-type=\"column\">\n\t\t\t<div class=\"elementor-widget-wrap elementor-element-populated\">\n\t\t\t\t\t\t<div class=\"elementor-element elementor-element-5be39da3 elementor-widget elementor-widget-heading\" data-id=\"5be39da3\" data-element_type=\"widget\" data-e-type=\"widget\" data-widget_type=\"heading.default\">\n\t\t\t\t<div class=\"elementor-widget-container\">\n\t\t\t\t\t<h2 class=\"elementor-heading-title elementor-size-default\">Elige tu apartamento tur\u00edstico junto a la playa de Levante en Benidorm \n\n<\/h2>\t\t\t\t<\/div>\n\t\t\t\t<\/div>\n\t\t\t\t<div class=\"elementor-element elementor-element-2ef83130 elementor-widget elementor-widget-text-editor\" data-id=\"2ef83130\" data-element_type=\"widget\" data-e-type=\"widget\" data-widget_type=\"text-editor.default\">\n\t\t\t\t<div class=\"elementor-widget-container\">\n\t\t\t\t\t\t\t\t\t<p><span style=\"font-weight: 400;\">Nuestro <strong>proceso de reserva es sencillo y directo<\/strong>, dise\u00f1ado para que en unos pocos clics asegures tu estancia en este rinc\u00f3n especial de Benidorm. Adem\u00e1s, brindamos atenci\u00f3n personalizada para responder a cualquier pregunta o solicitud especial. Una vez confirmada tu reserva, solo queda hacer la maleta, traer tus ganas de viajar y dejarte llevar por la magia de la costa de Benidorm.<\/span><\/p><p><span style=\"font-weight: 400;\">\u00a1Estamos ansiosos por darte la bienvenida y asegurarnos de que tu experiencia sea absolutamente memorable!<\/span><\/p>\t\t\t\t\t\t\t\t<\/div>\n\t\t\t\t<\/div>\n\t\t\t\t\t<\/div>\n\t\t<\/div>\n\t\t\t\t\t<\/div>\n\t\t<\/section>\n\t\t\t\t<section class=\"elementor-section elementor-top-section elementor-element elementor-element-27775ad3 elementor-section-boxed elementor-section-height-default elementor-section-height-default\" data-id=\"27775ad3\" data-element_type=\"section\" data-e-type=\"section\">\n\t\t\t\t\t\t<div class=\"elementor-container elementor-column-gap-default\">\n\t\t\t\t\t<div class=\"elementor-column elementor-col-100 elementor-top-column elementor-element elementor-element-183b89d9\" data-id=\"183b89d9\" data-element_type=\"column\" data-e-type=\"column\">\n\t\t\t<div class=\"elementor-widget-wrap elementor-element-populated\">\n\t\t\t\t\t\t<div class=\"elementor-element elementor-element-7bab43 elementor-widget elementor-widget-image\" data-id=\"7bab43\" data-element_type=\"widget\" data-e-type=\"widget\" data-widget_type=\"image.default\">\n\t\t\t\t<div class=\"elementor-widget-container\">\n\t\t\t\t\t\t\t\t\t\t\t\t\t\t\t<img decoding=\"async\" width=\"1920\" height=\"650\" src=\"https:\/\/www.benidormparaiso.com\/blog\/wp-content\/uploads\/2024\/01\/Vacaciones-en-la-Costa-Blanca-Benidorm.jpg\" class=\"attachment-full size-full wp-image-375\" alt=\"Vacaciones en la Costa Blanca Benidorm\" srcset=\"https:\/\/www.benidormparaiso.com\/blog\/wp-content\/uploads\/2024\/01\/Vacaciones-en-la-Costa-Blanca-Benidorm.jpg 1920w, https:\/\/www.benidormparaiso.com\/blog\/wp-content\/uploads\/2024\/01\/Vacaciones-en-la-Costa-Blanca-Benidorm-768x260.jpg 768w, https:\/\/www.benidormparaiso.com\/blog\/wp-content\/uploads\/2024\/01\/Vacaciones-en-la-Costa-Blanca-Benidorm-1536x520.jpg 1536w\" sizes=\"(max-width: 1920px) 100vw, 1920px\" \/>\t\t\t\t\t\t\t\t\t\t\t\t\t\t\t<\/div>\n\t\t\t\t<\/div>\n\t\t\t\t\t<\/div>\n\t\t<\/div>\n\t\t\t\t\t<\/div>\n\t\t<\/section>\n\t\t\t\t<section class=\"elementor-section elementor-top-section elementor-element elementor-element-5396dedc elementor-section-boxed elementor-section-height-default elementor-section-height-default\" data-id=\"5396dedc\" data-element_type=\"section\" data-e-type=\"section\">\n\t\t\t\t\t\t<div class=\"elementor-container elementor-column-gap-default\">\n\t\t\t\t\t<div class=\"elementor-column elementor-col-100 elementor-top-column elementor-element elementor-element-8b573cc\" data-id=\"8b573cc\" data-element_type=\"column\" data-e-type=\"column\">\n\t\t\t<div class=\"elementor-widget-wrap elementor-element-populated\">\n\t\t\t\t\t\t<div class=\"elementor-element elementor-element-1d309df3 elementor-widget elementor-widget-heading\" data-id=\"1d309df3\" data-element_type=\"widget\" data-e-type=\"widget\" data-widget_type=\"heading.default\">\n\t\t\t\t<div class=\"elementor-widget-container\">\n\t\t\t\t\t<h2 class=\"elementor-heading-title elementor-size-default\">Los mejores apartamentos vacacionales en playa de Levante en Benidorm\n\n\n<\/h2>\t\t\t\t<\/div>\n\t\t\t\t<\/div>\n\t\t\t\t\t<\/div>\n\t\t<\/div>\n\t\t\t\t\t<\/div>\n\t\t<\/section>\n\t\t\t\t<section class=\"elementor-section elementor-top-section elementor-element elementor-element-613907a elementor-section-boxed elementor-section-height-default elementor-section-height-default\" data-id=\"613907a\" data-element_type=\"section\" data-e-type=\"section\">\n\t\t\t\t\t\t<div class=\"elementor-container elementor-column-gap-default\">\n\t\t\t\t\t<div class=\"elementor-column elementor-col-100 elementor-top-column elementor-element elementor-element-d6b10d1\" data-id=\"d6b10d1\" data-element_type=\"column\" data-e-type=\"column\">\n\t\t\t<div class=\"elementor-widget-wrap elementor-element-populated\">\n\t\t\t\t\t\t<div class=\"elementor-element elementor-element-e6b4500 elementor-widget elementor-widget-text-editor\" data-id=\"e6b4500\" data-element_type=\"widget\" data-e-type=\"widget\" data-widget_type=\"text-editor.default\">\n\t\t\t\t<div class=\"elementor-widget-container\">\n\t\t\t\t\t\t\t\t\t<p><span style=\"font-weight: 400;\">Nuestros apartamentos vacacionales en la playa de Levante destacan como la<\/span><b> elecci\u00f3n perfecta para tu estancia.<\/b><\/p><p><span style=\"font-weight: 400;\">Ofrecemos <\/span><b>comodidad, una ubicaci\u00f3n privilegiada y la oportunidad de vivir una experiencia inolvidable<\/b><span style=\"font-weight: 400;\"> en Benidorm.<\/span><\/p><p><span style=\"font-weight: 400;\">Sum\u00e9rgete en la aut\u00e9ntica vida de Benidorm desde la comodidad de tu alojamiento en la playa de Levante y descubre todo lo que esta emocionante zona tiene para ofrecer.<\/span><\/p>\t\t\t\t\t\t\t\t<\/div>\n\t\t\t\t<\/div>\n\t\t\t\t\t<\/div>\n\t\t<\/div>\n\t\t\t\t\t<\/div>\n\t\t<\/section>\n\t\t\t\t<section class=\"elementor-section elementor-top-section elementor-element elementor-element-11d3c9f2 elementor-section-boxed elementor-section-height-default elementor-section-height-default\" data-id=\"11d3c9f2\" data-element_type=\"section\" data-e-type=\"section\" data-settings=\"{&quot;background_background&quot;:&quot;classic&quot;}\">\n\t\t\t\t\t\t<div class=\"elementor-container elementor-column-gap-default\">\n\t\t\t\t\t<div class=\"elementor-column elementor-col-50 elementor-top-column elementor-element elementor-element-2b2abe70\" data-id=\"2b2abe70\" data-element_type=\"column\" data-e-type=\"column\">\n\t\t\t<div class=\"elementor-widget-wrap elementor-element-populated\">\n\t\t\t\t\t\t<div class=\"elementor-element elementor-element-6549e720 elementor-widget elementor-widget-image\" data-id=\"6549e720\" data-element_type=\"widget\" data-e-type=\"widget\" data-widget_type=\"image.default\">\n\t\t\t\t<div class=\"elementor-widget-container\">\n\t\t\t\t\t\t\t\t\t\t\t\t\t\t\t\t<a href=\"https:\/\/www.benidormparaiso.com\/alquiler\/apartamento-benidorm-paraiso-centro-1-dormitorio-benidormparaiso-413877.html\">\n\t\t\t\t\t\t\t<img decoding=\"async\" width=\"2362\" height=\"1575\" src=\"https:\/\/www.benidormparaiso.com\/blog\/wp-content\/uploads\/2024\/02\/apartamento-benidorm-paraiso.jpg\" class=\"attachment-full size-full wp-image-417\" alt=\"apartamento benidorm para\u00edso\" srcset=\"https:\/\/www.benidormparaiso.com\/blog\/wp-content\/uploads\/2024\/02\/apartamento-benidorm-paraiso.jpg 2362w, https:\/\/www.benidormparaiso.com\/blog\/wp-content\/uploads\/2024\/02\/apartamento-benidorm-paraiso-768x512.jpg 768w, https:\/\/www.benidormparaiso.com\/blog\/wp-content\/uploads\/2024\/02\/apartamento-benidorm-paraiso-1536x1024.jpg 1536w, https:\/\/www.benidormparaiso.com\/blog\/wp-content\/uploads\/2024\/02\/apartamento-benidorm-paraiso-2048x1366.jpg 2048w\" sizes=\"(max-width: 2362px) 100vw, 2362px\" \/>\t\t\t\t\t\t\t\t<\/a>\n\t\t\t\t\t\t\t\t\t\t\t\t\t\t\t<\/div>\n\t\t\t\t<\/div>\n\t\t\t\t\t<\/div>\n\t\t<\/div>\n\t\t\t\t<div class=\"elementor-column elementor-col-50 elementor-top-column elementor-element elementor-element-79a89c7a\" data-id=\"79a89c7a\" data-element_type=\"column\" data-e-type=\"column\">\n\t\t\t<div class=\"elementor-widget-wrap elementor-element-populated\">\n\t\t\t\t\t\t<div class=\"elementor-element elementor-element-690fd05f elementor-widget elementor-widget-spacer\" data-id=\"690fd05f\" data-element_type=\"widget\" data-e-type=\"widget\" data-widget_type=\"spacer.default\">\n\t\t\t\t<div class=\"elementor-widget-container\">\n\t\t\t\t\t\t\t<div class=\"elementor-spacer\">\n\t\t\t<div class=\"elementor-spacer-inner\"><\/div>\n\t\t<\/div>\n\t\t\t\t\t\t<\/div>\n\t\t\t\t<\/div>\n\t\t\t\t<div class=\"elementor-element elementor-element-20c6a897 elementor-widget elementor-widget-text-editor\" data-id=\"20c6a897\" data-element_type=\"widget\" data-e-type=\"widget\" data-widget_type=\"text-editor.default\">\n\t\t\t\t<div class=\"elementor-widget-container\">\n\t\t\t\t\t\t\t\t\t<h4 style=\"text-align: center;\"><strong>PARAISO CENTRO 1 DORMITORIO<\/strong><\/h4><p style=\"text-align: center;\">Reserva uno de nuestros apartamentos Para\u00edso Centro ideales para familias y parejas que busquen el descanso en el centro de Benidorm.<\/p><p style=\"text-align: center;\">Amplios y luminosos apartamentos de 1 dormitorio con vistas al jard\u00edn y la piscina.<\/p>\t\t\t\t\t\t\t\t<\/div>\n\t\t\t\t<\/div>\n\t\t\t\t<div class=\"elementor-element elementor-element-60470e7a elementor-align-center elementor-widget elementor-widget-button\" data-id=\"60470e7a\" data-element_type=\"widget\" data-e-type=\"widget\" data-widget_type=\"button.default\">\n\t\t\t\t<div class=\"elementor-widget-container\">\n\t\t\t\t\t\t\t\t\t<div class=\"elementor-button-wrapper\">\n\t\t\t\t\t<a class=\"elementor-button elementor-button-link elementor-size-sm\" href=\"https:\/\/www.benidormparaiso.com\/alquiler\/apartamento-benidorm-paraiso-centro-1-dormitorio-benidormparaiso-413877.html\">\n\t\t\t\t\t\t<span class=\"elementor-button-content-wrapper\">\n\t\t\t\t\t\t\t\t\t<span class=\"elementor-button-text\">Ver apartamento<\/span>\n\t\t\t\t\t<\/span>\n\t\t\t\t\t<\/a>\n\t\t\t\t<\/div>\n\t\t\t\t\t\t\t\t<\/div>\n\t\t\t\t<\/div>\n\t\t\t\t\t<\/div>\n\t\t<\/div>\n\t\t\t\t\t<\/div>\n\t\t<\/section>\n\t\t\t\t<section class=\"elementor-section elementor-top-section elementor-element elementor-element-406af40e elementor-section-boxed elementor-section-height-default elementor-section-height-default\" data-id=\"406af40e\" data-element_type=\"section\" data-e-type=\"section\">\n\t\t\t\t\t\t<div class=\"elementor-container elementor-column-gap-default\">\n\t\t\t\t\t<div class=\"elementor-column elementor-col-100 elementor-top-column elementor-element elementor-element-326b656c\" data-id=\"326b656c\" data-element_type=\"column\" data-e-type=\"column\">\n\t\t\t<div class=\"elementor-widget-wrap elementor-element-populated\">\n\t\t\t\t\t\t<div class=\"elementor-element elementor-element-377c7e46 elementor-widget-divider--view-line elementor-widget elementor-widget-divider\" data-id=\"377c7e46\" data-element_type=\"widget\" data-e-type=\"widget\" data-widget_type=\"divider.default\">\n\t\t\t\t<div class=\"elementor-widget-container\">\n\t\t\t\t\t\t\t<div class=\"elementor-divider\">\n\t\t\t<span class=\"elementor-divider-separator\">\n\t\t\t\t\t\t<\/span>\n\t\t<\/div>\n\t\t\t\t\t\t<\/div>\n\t\t\t\t<\/div>\n\t\t\t\t\t<\/div>\n\t\t<\/div>\n\t\t\t\t\t<\/div>\n\t\t<\/section>\n\t\t\t\t<section class=\"elementor-section elementor-top-section elementor-element elementor-element-5862279f elementor-section-boxed elementor-section-height-default elementor-section-height-default\" data-id=\"5862279f\" data-element_type=\"section\" data-e-type=\"section\" data-settings=\"{&quot;background_background&quot;:&quot;classic&quot;}\">\n\t\t\t\t\t\t<div class=\"elementor-container elementor-column-gap-default\">\n\t\t\t\t\t<div class=\"elementor-column elementor-col-50 elementor-top-column elementor-element elementor-element-11382be1\" data-id=\"11382be1\" data-element_type=\"column\" data-e-type=\"column\">\n\t\t\t<div class=\"elementor-widget-wrap elementor-element-populated\">\n\t\t\t\t\t\t<div class=\"elementor-element elementor-element-278473dc elementor-widget elementor-widget-image\" data-id=\"278473dc\" data-element_type=\"widget\" data-e-type=\"widget\" data-widget_type=\"image.default\">\n\t\t\t\t<div class=\"elementor-widget-container\">\n\t\t\t\t\t\t\t\t\t\t\t\t\t\t\t\t<a href=\"https:\/\/www.benidormparaiso.com\/alquiler\/apartamento-benidorm-1-dormitorio-suite-paraiso-centro-413917.html\">\n\t\t\t\t\t\t\t<img loading=\"lazy\" decoding=\"async\" width=\"2560\" height=\"1688\" src=\"https:\/\/www.benidormparaiso.com\/blog\/wp-content\/uploads\/2024\/02\/suite-1-dormitorio-benidorm.jpg\" class=\"attachment-full size-full wp-image-422\" alt=\"Suite 1 dormitorio benidorm\" srcset=\"https:\/\/www.benidormparaiso.com\/blog\/wp-content\/uploads\/2024\/02\/suite-1-dormitorio-benidorm.jpg 2560w, https:\/\/www.benidormparaiso.com\/blog\/wp-content\/uploads\/2024\/02\/suite-1-dormitorio-benidorm-768x506.jpg 768w, https:\/\/www.benidormparaiso.com\/blog\/wp-content\/uploads\/2024\/02\/suite-1-dormitorio-benidorm-1536x1013.jpg 1536w, https:\/\/www.benidormparaiso.com\/blog\/wp-content\/uploads\/2024\/02\/suite-1-dormitorio-benidorm-2048x1350.jpg 2048w\" sizes=\"(max-width: 2560px) 100vw, 2560px\" \/>\t\t\t\t\t\t\t\t<\/a>\n\t\t\t\t\t\t\t\t\t\t\t\t\t\t\t<\/div>\n\t\t\t\t<\/div>\n\t\t\t\t\t<\/div>\n\t\t<\/div>\n\t\t\t\t<div class=\"elementor-column elementor-col-50 elementor-top-column elementor-element elementor-element-7e26fcff\" data-id=\"7e26fcff\" data-element_type=\"column\" data-e-type=\"column\">\n\t\t\t<div class=\"elementor-widget-wrap elementor-element-populated\">\n\t\t\t\t\t\t<div class=\"elementor-element elementor-element-2f6ca9fc elementor-widget elementor-widget-spacer\" data-id=\"2f6ca9fc\" data-element_type=\"widget\" data-e-type=\"widget\" data-widget_type=\"spacer.default\">\n\t\t\t\t<div class=\"elementor-widget-container\">\n\t\t\t\t\t\t\t<div class=\"elementor-spacer\">\n\t\t\t<div class=\"elementor-spacer-inner\"><\/div>\n\t\t<\/div>\n\t\t\t\t\t\t<\/div>\n\t\t\t\t<\/div>\n\t\t\t\t<div class=\"elementor-element elementor-element-1678c5f3 elementor-widget elementor-widget-text-editor\" data-id=\"1678c5f3\" data-element_type=\"widget\" data-e-type=\"widget\" data-widget_type=\"text-editor.default\">\n\t\t\t\t<div class=\"elementor-widget-container\">\n\t\t\t\t\t\t\t\t\t<h4 style=\"text-align: center;\"><strong>1 DORMITORIO SUITE PARA\u00cdSO CENTRO<\/strong><\/h4><p style=\"text-align: center;\">Apartamento en Benidorm de 1 dormitorio y capacidad para 2 personas.<br \/>Alojamiento de 58 m\u00b2 c\u00f3modo y muy luminoso, terraza acristalada e incorporada al sal\u00f3n lo que confiere una mayor amplitud a la estancia. Dormitorio con cama de matrimonio.<\/p>\t\t\t\t\t\t\t\t<\/div>\n\t\t\t\t<\/div>\n\t\t\t\t<div class=\"elementor-element elementor-element-14376df6 elementor-align-center elementor-widget elementor-widget-button\" data-id=\"14376df6\" data-element_type=\"widget\" data-e-type=\"widget\" data-widget_type=\"button.default\">\n\t\t\t\t<div class=\"elementor-widget-container\">\n\t\t\t\t\t\t\t\t\t<div class=\"elementor-button-wrapper\">\n\t\t\t\t\t<a class=\"elementor-button elementor-button-link elementor-size-sm\" href=\"https:\/\/www.benidormparaiso.com\/alquiler\/apartamento-benidorm-1-dormitorio-suite-paraiso-centro-413917.html\">\n\t\t\t\t\t\t<span class=\"elementor-button-content-wrapper\">\n\t\t\t\t\t\t\t\t\t<span class=\"elementor-button-text\">Ver apartamento<\/span>\n\t\t\t\t\t<\/span>\n\t\t\t\t\t<\/a>\n\t\t\t\t<\/div>\n\t\t\t\t\t\t\t\t<\/div>\n\t\t\t\t<\/div>\n\t\t\t\t\t<\/div>\n\t\t<\/div>\n\t\t\t\t\t<\/div>\n\t\t<\/section>\n\t\t\t\t<section class=\"elementor-section elementor-top-section elementor-element elementor-element-504a1f3b elementor-section-boxed elementor-section-height-default elementor-section-height-default\" data-id=\"504a1f3b\" data-element_type=\"section\" data-e-type=\"section\">\n\t\t\t\t\t\t<div class=\"elementor-container elementor-column-gap-default\">\n\t\t\t\t\t<div class=\"elementor-column elementor-col-100 elementor-top-column elementor-element elementor-element-1e996413\" data-id=\"1e996413\" data-element_type=\"column\" data-e-type=\"column\">\n\t\t\t<div class=\"elementor-widget-wrap elementor-element-populated\">\n\t\t\t\t\t\t<div class=\"elementor-element elementor-element-6a116686 elementor-widget-divider--view-line elementor-widget elementor-widget-divider\" data-id=\"6a116686\" data-element_type=\"widget\" data-e-type=\"widget\" data-widget_type=\"divider.default\">\n\t\t\t\t<div class=\"elementor-widget-container\">\n\t\t\t\t\t\t\t<div class=\"elementor-divider\">\n\t\t\t<span class=\"elementor-divider-separator\">\n\t\t\t\t\t\t<\/span>\n\t\t<\/div>\n\t\t\t\t\t\t<\/div>\n\t\t\t\t<\/div>\n\t\t\t\t\t<\/div>\n\t\t<\/div>\n\t\t\t\t\t<\/div>\n\t\t<\/section>\n\t\t\t\t<section class=\"elementor-section elementor-top-section elementor-element elementor-element-7e9446db elementor-section-boxed elementor-section-height-default elementor-section-height-default\" data-id=\"7e9446db\" data-element_type=\"section\" data-e-type=\"section\" data-settings=\"{&quot;background_background&quot;:&quot;classic&quot;}\">\n\t\t\t\t\t\t<div class=\"elementor-container elementor-column-gap-default\">\n\t\t\t\t\t<div class=\"elementor-column elementor-col-50 elementor-top-column elementor-element elementor-element-2c5068fa\" data-id=\"2c5068fa\" data-element_type=\"column\" data-e-type=\"column\">\n\t\t\t<div class=\"elementor-widget-wrap elementor-element-populated\">\n\t\t\t\t\t\t<div class=\"elementor-element elementor-element-4f3cd498 elementor-widget elementor-widget-image\" data-id=\"4f3cd498\" data-element_type=\"widget\" data-e-type=\"widget\" data-widget_type=\"image.default\">\n\t\t\t\t<div class=\"elementor-widget-container\">\n\t\t\t\t\t\t\t\t\t\t\t\t\t\t\t\t<a href=\"https:\/\/www.benidormparaiso.com\/alquiler\/apartamento-benidorm-paraiso-centro-2-dormitorios-benidormparaiso-413891.html\">\n\t\t\t\t\t\t\t<img loading=\"lazy\" decoding=\"async\" width=\"2362\" height=\"1575\" src=\"https:\/\/www.benidormparaiso.com\/blog\/wp-content\/uploads\/2024\/02\/apartamento-2-dormitorios.jpg\" class=\"attachment-full size-full wp-image-427\" alt=\"\" srcset=\"https:\/\/www.benidormparaiso.com\/blog\/wp-content\/uploads\/2024\/02\/apartamento-2-dormitorios.jpg 2362w, https:\/\/www.benidormparaiso.com\/blog\/wp-content\/uploads\/2024\/02\/apartamento-2-dormitorios-768x512.jpg 768w, https:\/\/www.benidormparaiso.com\/blog\/wp-content\/uploads\/2024\/02\/apartamento-2-dormitorios-1536x1024.jpg 1536w, https:\/\/www.benidormparaiso.com\/blog\/wp-content\/uploads\/2024\/02\/apartamento-2-dormitorios-2048x1366.jpg 2048w\" sizes=\"(max-width: 2362px) 100vw, 2362px\" \/>\t\t\t\t\t\t\t\t<\/a>\n\t\t\t\t\t\t\t\t\t\t\t\t\t\t\t<\/div>\n\t\t\t\t<\/div>\n\t\t\t\t\t<\/div>\n\t\t<\/div>\n\t\t\t\t<div class=\"elementor-column elementor-col-50 elementor-top-column elementor-element elementor-element-48eb420b\" data-id=\"48eb420b\" data-element_type=\"column\" data-e-type=\"column\">\n\t\t\t<div class=\"elementor-widget-wrap elementor-element-populated\">\n\t\t\t\t\t\t<div class=\"elementor-element elementor-element-45837c4a elementor-widget elementor-widget-spacer\" data-id=\"45837c4a\" data-element_type=\"widget\" data-e-type=\"widget\" data-widget_type=\"spacer.default\">\n\t\t\t\t<div class=\"elementor-widget-container\">\n\t\t\t\t\t\t\t<div class=\"elementor-spacer\">\n\t\t\t<div class=\"elementor-spacer-inner\"><\/div>\n\t\t<\/div>\n\t\t\t\t\t\t<\/div>\n\t\t\t\t<\/div>\n\t\t\t\t<div class=\"elementor-element elementor-element-25ae5250 elementor-widget elementor-widget-text-editor\" data-id=\"25ae5250\" data-element_type=\"widget\" data-e-type=\"widget\" data-widget_type=\"text-editor.default\">\n\t\t\t\t<div class=\"elementor-widget-container\">\n\t\t\t\t\t\t\t\t\t<h4><strong>2 DORMITORIOS SUITE PARA\u00cdSO CENTRO<\/strong><\/h4><p style=\"text-align: center;\">Amplios apartamentos de 2 dormitorios orientados hacia el mar y con vistas al jard\u00edn y la piscina.<\/p><p style=\"text-align: center;\">Reserva uno de nuestros apartamentos Para\u00edso Centro ideales para familias y parejas que busquen el descanso en el centro de Benidorm.<\/p>\t\t\t\t\t\t\t\t<\/div>\n\t\t\t\t<\/div>\n\t\t\t\t<div class=\"elementor-element elementor-element-79a76087 elementor-align-center elementor-widget elementor-widget-button\" data-id=\"79a76087\" data-element_type=\"widget\" data-e-type=\"widget\" data-widget_type=\"button.default\">\n\t\t\t\t<div class=\"elementor-widget-container\">\n\t\t\t\t\t\t\t\t\t<div class=\"elementor-button-wrapper\">\n\t\t\t\t\t<a class=\"elementor-button elementor-button-link elementor-size-sm\" href=\"https:\/\/www.benidormparaiso.com\/alquiler\/apartamento-benidorm-paraiso-centro-2-dormitorios-benidormparaiso-413891.html\">\n\t\t\t\t\t\t<span class=\"elementor-button-content-wrapper\">\n\t\t\t\t\t\t\t\t\t<span class=\"elementor-button-text\">Ver apartamento<\/span>\n\t\t\t\t\t<\/span>\n\t\t\t\t\t<\/a>\n\t\t\t\t<\/div>\n\t\t\t\t\t\t\t\t<\/div>\n\t\t\t\t<\/div>\n\t\t\t\t\t<\/div>\n\t\t<\/div>\n\t\t\t\t\t<\/div>\n\t\t<\/section>\n\t\t\t\t<section class=\"elementor-section elementor-top-section elementor-element elementor-element-7a94afe elementor-section-boxed elementor-section-height-default elementor-section-height-default\" data-id=\"7a94afe\" data-element_type=\"section\" data-e-type=\"section\">\n\t\t\t\t\t\t<div class=\"elementor-container elementor-column-gap-default\">\n\t\t\t\t\t<div class=\"elementor-column elementor-col-100 elementor-top-column elementor-element elementor-element-9fa7340\" data-id=\"9fa7340\" data-element_type=\"column\" data-e-type=\"column\">\n\t\t\t<div class=\"elementor-widget-wrap elementor-element-populated\">\n\t\t\t\t\t\t<div class=\"elementor-element elementor-element-90d0ddf elementor-widget elementor-widget-heading\" data-id=\"90d0ddf\" data-element_type=\"widget\" data-e-type=\"widget\" data-widget_type=\"heading.default\">\n\t\t\t\t<div class=\"elementor-widget-container\">\n\t\t\t\t\t<h2 class=\"elementor-heading-title elementor-size-default\">Reserva tu apartamento tur\u00edstico cerca de la playa de Levante en Benidorm\n<\/h2>\t\t\t\t<\/div>\n\t\t\t\t<\/div>\n\t\t\t\t\t<\/div>\n\t\t<\/div>\n\t\t\t\t\t<\/div>\n\t\t<\/section>\n\t\t\t\t<section class=\"elementor-section elementor-top-section elementor-element elementor-element-289db9a elementor-section-boxed elementor-section-height-default elementor-section-height-default\" data-id=\"289db9a\" data-element_type=\"section\" data-e-type=\"section\">\n\t\t\t\t\t\t<div class=\"elementor-container elementor-column-gap-default\">\n\t\t\t\t\t<div class=\"elementor-column elementor-col-100 elementor-top-column elementor-element elementor-element-5d0d32a8\" data-id=\"5d0d32a8\" data-element_type=\"column\" data-e-type=\"column\">\n\t\t\t<div class=\"elementor-widget-wrap elementor-element-populated\">\n\t\t\t\t\t\t<div class=\"elementor-element elementor-element-6f0a4cf3 elementor-widget elementor-widget-text-editor\" data-id=\"6f0a4cf3\" data-element_type=\"widget\" data-e-type=\"widget\" data-widget_type=\"text-editor.default\">\n\t\t\t\t<div class=\"elementor-widget-container\">\n\t\t\t\t\t\t\t\t\t<p><span style=\"font-weight: 400;\">Sum\u00e9rgete por completo en la experiencia de Benidorm al alojarte en nuestros apartamentos en la playa de Levante. Imagina comenzar tus d\u00edas con el sonido relajante del mar y tener todo el dinamismo de la ciudad al alcance de tu mano.<\/span><\/p><p><span style=\"font-weight: 400;\">Reservar con nosotros es sencillo, seguro y te garantiza <strong>m\u00e1s que un simple lugar donde descansar<\/strong>: te brinda un alojamiento lleno de comodidades en medio de esta cautivante ciudad. Cada uno de nuestros apartamentos, cuidadosamente seleccionados, combina a la perfecci\u00f3n la modernidad y el encanto local.<\/span><\/p><p><span style=\"font-weight: 400;\">Adem\u00e1s del alojamiento, ofrecemos una atenci\u00f3n personalizada para que cada momento de tu estancia sea inolvidable. Estar\u00e1s en una ubicaci\u00f3n envidiable, con f\u00e1cil acceso a lo mejor de Benidorm.<\/span><\/p><p><span style=\"font-weight: 400;\">Tu viaje se completa con una decisi\u00f3n que marcar\u00e1 la diferencia en tu experiencia: reserva con nosotros y <strong>vive Benidorm de manera aut\u00e9ntica<\/strong>. Ha llegado el momento de convertir la playa de Levante en tu pr\u00f3ximo destino.<\/span><\/p>\t\t\t\t\t\t\t\t<\/div>\n\t\t\t\t<\/div>\n\t\t\t\t\t<\/div>\n\t\t<\/div>\n\t\t\t\t\t<\/div>\n\t\t<\/section>\n\t\t\t\t<section class=\"elementor-section elementor-top-section elementor-element elementor-element-23994684 elementor-section-boxed elementor-section-height-default elementor-section-height-default\" data-id=\"23994684\" data-element_type=\"section\" data-e-type=\"section\">\n\t\t\t\t\t\t<div class=\"elementor-container elementor-column-gap-default\">\n\t\t\t\t\t<div class=\"elementor-column elementor-col-50 elementor-top-column elementor-element elementor-element-4b005268\" data-id=\"4b005268\" data-element_type=\"column\" data-e-type=\"column\">\n\t\t\t<div class=\"elementor-widget-wrap elementor-element-populated\">\n\t\t\t\t\t\t<div class=\"elementor-element elementor-element-74a7b624 elementor-cta--skin-cover elementor-cta--valign-bottom elementor-widget__width-initial elementor-animated-content elementor-bg-transform elementor-bg-transform-zoom-in elementor-widget elementor-widget-call-to-action\" data-id=\"74a7b624\" data-element_type=\"widget\" data-e-type=\"widget\" data-widget_type=\"call-to-action.default\">\n\t\t\t\t<div class=\"elementor-widget-container\">\n\t\t\t\t\t\t\t<div class=\"elementor-cta\">\n\t\t\t\t\t<div class=\"elementor-cta__bg-wrapper\">\n\t\t\t\t<div class=\"elementor-cta__bg elementor-bg\" style=\"background-image: url(https:\/\/www.benidormparaiso.com\/blog\/wp-content\/uploads\/2024\/01\/Vacacinoes-Costa-Blanca-en-Benidorm.jpg);\" role=\"img\" aria-label=\"Vacacinoes Costa Blanca en Benidorm\"><\/div>\n\t\t\t\t<div class=\"elementor-cta__bg-overlay\"><\/div>\n\t\t\t<\/div>\n\t\t\t\t\t\t\t<div class=\"elementor-cta__content\">\n\t\t\t\t\n\t\t\t\t\n\t\t\t\t\n\t\t\t\t\t\t\t\t\t<div class=\"elementor-cta__button-wrapper elementor-cta__content-item elementor-content-item elementor-animated-item--grow\">\n\t\t\t\t\t<a class=\"elementor-cta__button elementor-button elementor-size-\" href=\"https:\/\/www.benidormparaiso.com\/alquiler-de-alojamientos-en-benidorm\">\n\t\t\t\t\t\tAlojamientos en Benidorm\t\t\t\t\t<\/a>\n\t\t\t\t\t<\/div>\n\t\t\t\t\t\t\t<\/div>\n\t\t\t\t\t\t<\/div>\n\t\t\t\t\t\t<\/div>\n\t\t\t\t<\/div>\n\t\t\t\t\t<\/div>\n\t\t<\/div>\n\t\t\t\t<div class=\"elementor-column elementor-col-50 elementor-top-column elementor-element elementor-element-1132e1e8\" data-id=\"1132e1e8\" data-element_type=\"column\" data-e-type=\"column\">\n\t\t\t<div class=\"elementor-widget-wrap elementor-element-populated\">\n\t\t\t\t\t\t<div class=\"elementor-element elementor-element-400951cf elementor-cta--skin-cover elementor-cta--valign-bottom elementor-animated-content elementor-bg-transform elementor-bg-transform-zoom-in elementor-widget elementor-widget-call-to-action\" data-id=\"400951cf\" data-element_type=\"widget\" data-e-type=\"widget\" data-widget_type=\"call-to-action.default\">\n\t\t\t\t<div class=\"elementor-widget-container\">\n\t\t\t\t\t\t\t<div class=\"elementor-cta\">\n\t\t\t\t\t<div class=\"elementor-cta__bg-wrapper\">\n\t\t\t\t<div class=\"elementor-cta__bg elementor-bg\" style=\"background-image: url(https:\/\/www.benidormparaiso.com\/blog\/wp-content\/uploads\/2024\/02\/suite-1-dormitorio-benidorm-1920x630.jpg);\" role=\"img\" aria-label=\"Suite 1 dormitorio benidorm\"><\/div>\n\t\t\t\t<div class=\"elementor-cta__bg-overlay\"><\/div>\n\t\t\t<\/div>\n\t\t\t\t\t\t\t<div class=\"elementor-cta__content\">\n\t\t\t\t\n\t\t\t\t\n\t\t\t\t\n\t\t\t\t\t\t\t\t\t<div class=\"elementor-cta__button-wrapper elementor-cta__content-item elementor-content-item elementor-animated-item--grow\">\n\t\t\t\t\t<a class=\"elementor-cta__button elementor-button elementor-size-\" href=\"https:\/\/www.benidormparaiso.com\/alquiler\/alquiler-alquileres-d0\/\">\n\t\t\t\t\t\tApartamentos en Benidorm\t\t\t\t\t<\/a>\n\t\t\t\t\t<\/div>\n\t\t\t\t\t\t\t<\/div>\n\t\t\t\t\t\t<\/div>\n\t\t\t\t\t\t<\/div>\n\t\t\t\t<\/div>\n\t\t\t\t\t<\/div>\n\t\t<\/div>\n\t\t\t\t\t<\/div>\n\t\t<\/section>\n\t\t\t\t<\/div>\n\t\t","protected":false},"excerpt":{"rendered":"<p>En el coraz\u00f3n de Benidorm, a orillas del Mediterr\u00e1neo, te invitamos a descubrir la maravilla de nuestros alojamientos. Descubre la singularidad y la comodidad de los apartamentos en la zona de Playa de Levante, donde la playa se convierte en tu refugio y el encanto de Benidorm en tu hogar lejos de casa. Si est\u00e1s [&hellip;]<\/p>\n","protected":false},"author":3,"featured_media":745,"comment_status":"open","ping_status":"open","sticky":false,"template":"","format":"standard","meta":{"footnotes":""},"categories":[35],"tags":[36,48,49,27],"class_list":["post-740","post","type-post","status-publish","format-standard","has-post-thumbnail","hentry","category-benidorm","tag-alojamientos-cerca-de-la-playa-en-benidorm","tag-apartamentos-playa-de-levante-en-benidorm","tag-apartamentos-vacacionales-benidorm","tag-benidorm"],"yoast_head":"<!-- This site is optimized with the Yoast SEO plugin v27.4 - https:\/\/yoast.com\/product\/yoast-seo-wordpress\/ -->\n<title>Apartamentos vacacionales cerca de Playa de Levante Benidorm - Blog | Lo mejor de Benidorm<\/title>\n<meta name=\"description\" content=\"Descubre por qu\u00e9 nuestros apartamentos vacacionales en playa de Levante en Benidorm son el destino perfecto para tus pr\u00f3ximas vacaciones.\" \/>\n<meta name=\"robots\" content=\"index, follow, max-snippet:-1, max-image-preview:large, max-video-preview:-1\" \/>\n<link rel=\"canonical\" href=\"https:\/\/www.benidormparaiso.com\/blog\/los-mejores-apartamentos-vacacionales-en-playa-de-levante-en-benidorm\/\" \/>\n<meta property=\"og:locale\" content=\"es_ES\" \/>\n<meta property=\"og:type\" content=\"article\" \/>\n<meta property=\"og:title\" content=\"Apartamentos vacacionales cerca de Playa de Levante Benidorm - Blog | Lo mejor de Benidorm\" \/>\n<meta property=\"og:description\" content=\"Descubre por qu\u00e9 nuestros apartamentos vacacionales en playa de Levante en Benidorm son el destino perfecto para tus pr\u00f3ximas vacaciones.\" \/>\n<meta property=\"og:url\" content=\"https:\/\/www.benidormparaiso.com\/blog\/los-mejores-apartamentos-vacacionales-en-playa-de-levante-en-benidorm\/\" \/>\n<meta property=\"og:site_name\" content=\"Blog | Lo mejor de Benidorm\" \/>\n<meta property=\"article:published_time\" content=\"2024-07-17T10:54:26+00:00\" \/>\n<meta property=\"article:modified_time\" content=\"2024-07-17T10:58:52+00:00\" \/>\n<meta property=\"og:image\" content=\"https:\/\/www.benidormparaiso.com\/blog\/wp-content\/uploads\/2024\/07\/apartamentos-turisticos-cerca-playa-levante-benidorm.webp\" \/>\n\t<meta property=\"og:image:width\" content=\"1920\" \/>\n\t<meta property=\"og:image:height\" content=\"650\" \/>\n\t<meta property=\"og:image:type\" content=\"image\/webp\" \/>\n<meta name=\"author\" content=\"digitalservices\" \/>\n<meta name=\"twitter:card\" content=\"summary_large_image\" \/>\n<meta name=\"twitter:label1\" content=\"Written by\" \/>\n\t<meta name=\"twitter:data1\" content=\"digitalservices\" \/>\n\t<meta name=\"twitter:label2\" content=\"Est. reading time\" \/>\n\t<meta name=\"twitter:data2\" content=\"5 minutes\" \/>\n<script type=\"application\/ld+json\" class=\"yoast-schema-graph\">{\"@context\":\"https:\\\/\\\/schema.org\",\"@graph\":[{\"@type\":\"Article\",\"@id\":\"https:\\\/\\\/www.benidormparaiso.com\\\/blog\\\/los-mejores-apartamentos-vacacionales-en-playa-de-levante-en-benidorm\\\/#article\",\"isPartOf\":{\"@id\":\"https:\\\/\\\/www.benidormparaiso.com\\\/blog\\\/los-mejores-apartamentos-vacacionales-en-playa-de-levante-en-benidorm\\\/\"},\"author\":{\"name\":\"digitalservices\",\"@id\":\"https:\\\/\\\/www.benidormparaiso.com\\\/blog\\\/#\\\/schema\\\/person\\\/66ccecad2075718998118caf9f883bc3\"},\"headline\":\"Los mejores apartamentos vacacionales en playa de Levante en Benidorm\",\"datePublished\":\"2024-07-17T10:54:26+00:00\",\"dateModified\":\"2024-07-17T10:58:52+00:00\",\"mainEntityOfPage\":{\"@id\":\"https:\\\/\\\/www.benidormparaiso.com\\\/blog\\\/los-mejores-apartamentos-vacacionales-en-playa-de-levante-en-benidorm\\\/\"},\"wordCount\":833,\"commentCount\":0,\"publisher\":{\"@id\":\"https:\\\/\\\/www.benidormparaiso.com\\\/blog\\\/#organization\"},\"image\":{\"@id\":\"https:\\\/\\\/www.benidormparaiso.com\\\/blog\\\/los-mejores-apartamentos-vacacionales-en-playa-de-levante-en-benidorm\\\/#primaryimage\"},\"thumbnailUrl\":\"https:\\\/\\\/www.benidormparaiso.com\\\/blog\\\/wp-content\\\/uploads\\\/2024\\\/07\\\/apartamentos-turisticos-cerca-playa-levante-benidorm.webp\",\"keywords\":[\"alojamientos cerca de la playa en Benidorm\",\"apartamentos playa de Levante en Benidorm\",\"apartamentos vacacionales Benidorm\",\"Benidorm\"],\"articleSection\":[\"Benidorm\"],\"inLanguage\":\"es\",\"potentialAction\":[{\"@type\":\"CommentAction\",\"name\":\"Comment\",\"target\":[\"https:\\\/\\\/www.benidormparaiso.com\\\/blog\\\/los-mejores-apartamentos-vacacionales-en-playa-de-levante-en-benidorm\\\/#respond\"]}]},{\"@type\":\"WebPage\",\"@id\":\"https:\\\/\\\/www.benidormparaiso.com\\\/blog\\\/los-mejores-apartamentos-vacacionales-en-playa-de-levante-en-benidorm\\\/\",\"url\":\"https:\\\/\\\/www.benidormparaiso.com\\\/blog\\\/los-mejores-apartamentos-vacacionales-en-playa-de-levante-en-benidorm\\\/\",\"name\":\"Apartamentos vacacionales cerca de Playa de Levante Benidorm - Blog | Lo mejor de Benidorm\",\"isPartOf\":{\"@id\":\"https:\\\/\\\/www.benidormparaiso.com\\\/blog\\\/#website\"},\"primaryImageOfPage\":{\"@id\":\"https:\\\/\\\/www.benidormparaiso.com\\\/blog\\\/los-mejores-apartamentos-vacacionales-en-playa-de-levante-en-benidorm\\\/#primaryimage\"},\"image\":{\"@id\":\"https:\\\/\\\/www.benidormparaiso.com\\\/blog\\\/los-mejores-apartamentos-vacacionales-en-playa-de-levante-en-benidorm\\\/#primaryimage\"},\"thumbnailUrl\":\"https:\\\/\\\/www.benidormparaiso.com\\\/blog\\\/wp-content\\\/uploads\\\/2024\\\/07\\\/apartamentos-turisticos-cerca-playa-levante-benidorm.webp\",\"datePublished\":\"2024-07-17T10:54:26+00:00\",\"dateModified\":\"2024-07-17T10:58:52+00:00\",\"description\":\"Descubre por qu\u00e9 nuestros apartamentos vacacionales en playa de Levante en Benidorm son el destino perfecto para tus pr\u00f3ximas vacaciones.\",\"breadcrumb\":{\"@id\":\"https:\\\/\\\/www.benidormparaiso.com\\\/blog\\\/los-mejores-apartamentos-vacacionales-en-playa-de-levante-en-benidorm\\\/#breadcrumb\"},\"inLanguage\":\"es\",\"potentialAction\":[{\"@type\":\"ReadAction\",\"target\":[\"https:\\\/\\\/www.benidormparaiso.com\\\/blog\\\/los-mejores-apartamentos-vacacionales-en-playa-de-levante-en-benidorm\\\/\"]}]},{\"@type\":\"ImageObject\",\"inLanguage\":\"es\",\"@id\":\"https:\\\/\\\/www.benidormparaiso.com\\\/blog\\\/los-mejores-apartamentos-vacacionales-en-playa-de-levante-en-benidorm\\\/#primaryimage\",\"url\":\"https:\\\/\\\/www.benidormparaiso.com\\\/blog\\\/wp-content\\\/uploads\\\/2024\\\/07\\\/apartamentos-turisticos-cerca-playa-levante-benidorm.webp\",\"contentUrl\":\"https:\\\/\\\/www.benidormparaiso.com\\\/blog\\\/wp-content\\\/uploads\\\/2024\\\/07\\\/apartamentos-turisticos-cerca-playa-levante-benidorm.webp\",\"width\":1920,\"height\":650,\"caption\":\"apartamentos-tur\u00edsticos-cerca-playa-levante-benidorm\"},{\"@type\":\"BreadcrumbList\",\"@id\":\"https:\\\/\\\/www.benidormparaiso.com\\\/blog\\\/los-mejores-apartamentos-vacacionales-en-playa-de-levante-en-benidorm\\\/#breadcrumb\",\"itemListElement\":[{\"@type\":\"ListItem\",\"position\":1,\"name\":\"Home\",\"item\":\"https:\\\/\\\/www.benidormparaiso.com\\\/blog\\\/en\\\/\"},{\"@type\":\"ListItem\",\"position\":2,\"name\":\"Los mejores apartamentos vacacionales en playa de Levante en Benidorm\"}]},{\"@type\":\"WebSite\",\"@id\":\"https:\\\/\\\/www.benidormparaiso.com\\\/blog\\\/#website\",\"url\":\"https:\\\/\\\/www.benidormparaiso.com\\\/blog\\\/\",\"name\":\"Blog | Lo mejor de Benidorm\",\"description\":\"Benidormparaiso\",\"publisher\":{\"@id\":\"https:\\\/\\\/www.benidormparaiso.com\\\/blog\\\/#organization\"},\"potentialAction\":[{\"@type\":\"SearchAction\",\"target\":{\"@type\":\"EntryPoint\",\"urlTemplate\":\"https:\\\/\\\/www.benidormparaiso.com\\\/blog\\\/?s={search_term_string}\"},\"query-input\":{\"@type\":\"PropertyValueSpecification\",\"valueRequired\":true,\"valueName\":\"search_term_string\"}}],\"inLanguage\":\"es\"},{\"@type\":\"Organization\",\"@id\":\"https:\\\/\\\/www.benidormparaiso.com\\\/blog\\\/#organization\",\"name\":\"Blog | Lo mejor de Benidorm\",\"url\":\"https:\\\/\\\/www.benidormparaiso.com\\\/blog\\\/\",\"logo\":{\"@type\":\"ImageObject\",\"inLanguage\":\"es\",\"@id\":\"https:\\\/\\\/www.benidormparaiso.com\\\/blog\\\/#\\\/schema\\\/logo\\\/image\\\/\",\"url\":\"https:\\\/\\\/www.benidormparaiso.com\\\/blog\\\/wp-content\\\/uploads\\\/2023\\\/08\\\/logo-10.png\",\"contentUrl\":\"https:\\\/\\\/www.benidormparaiso.com\\\/blog\\\/wp-content\\\/uploads\\\/2023\\\/08\\\/logo-10.png\",\"width\":350,\"height\":354,\"caption\":\"Blog | Lo mejor de Benidorm\"},\"image\":{\"@id\":\"https:\\\/\\\/www.benidormparaiso.com\\\/blog\\\/#\\\/schema\\\/logo\\\/image\\\/\"}},{\"@type\":\"Person\",\"@id\":\"https:\\\/\\\/www.benidormparaiso.com\\\/blog\\\/#\\\/schema\\\/person\\\/66ccecad2075718998118caf9f883bc3\",\"name\":\"digitalservices\",\"image\":{\"@type\":\"ImageObject\",\"inLanguage\":\"es\",\"@id\":\"https:\\\/\\\/secure.gravatar.com\\\/avatar\\\/af30f88a1904294c1f3eb09a9d7903eec4ffa18fa2cf40c28a8681014ecdfc20?s=96&d=mm&r=g\",\"url\":\"https:\\\/\\\/secure.gravatar.com\\\/avatar\\\/af30f88a1904294c1f3eb09a9d7903eec4ffa18fa2cf40c28a8681014ecdfc20?s=96&d=mm&r=g\",\"contentUrl\":\"https:\\\/\\\/secure.gravatar.com\\\/avatar\\\/af30f88a1904294c1f3eb09a9d7903eec4ffa18fa2cf40c28a8681014ecdfc20?s=96&d=mm&r=g\",\"caption\":\"digitalservices\"},\"url\":\"https:\\\/\\\/www.benidormparaiso.com\\\/blog\\\/author\\\/digitalservices\\\/\"}]}<\/script>\n<!-- \/ Yoast SEO plugin. -->","yoast_head_json":{"title":"Apartamentos vacacionales cerca de Playa de Levante Benidorm - Blog | Lo mejor de Benidorm","description":"Descubre por qu\u00e9 nuestros apartamentos vacacionales en playa de Levante en Benidorm son el destino perfecto para tus pr\u00f3ximas vacaciones.","robots":{"index":"index","follow":"follow","max-snippet":"max-snippet:-1","max-image-preview":"max-image-preview:large","max-video-preview":"max-video-preview:-1"},"canonical":"https:\/\/www.benidormparaiso.com\/blog\/los-mejores-apartamentos-vacacionales-en-playa-de-levante-en-benidorm\/","og_locale":"es_ES","og_type":"article","og_title":"Apartamentos vacacionales cerca de Playa de Levante Benidorm - Blog | Lo mejor de Benidorm","og_description":"Descubre por qu\u00e9 nuestros apartamentos vacacionales en playa de Levante en Benidorm son el destino perfecto para tus pr\u00f3ximas vacaciones.","og_url":"https:\/\/www.benidormparaiso.com\/blog\/los-mejores-apartamentos-vacacionales-en-playa-de-levante-en-benidorm\/","og_site_name":"Blog | Lo mejor de Benidorm","article_published_time":"2024-07-17T10:54:26+00:00","article_modified_time":"2024-07-17T10:58:52+00:00","og_image":[{"width":1920,"height":650,"url":"https:\/\/www.benidormparaiso.com\/blog\/wp-content\/uploads\/2024\/07\/apartamentos-turisticos-cerca-playa-levante-benidorm.webp","type":"image\/webp"}],"author":"digitalservices","twitter_card":"summary_large_image","twitter_misc":{"Written by":"digitalservices","Est. reading time":"5 minutes"},"schema":{"@context":"https:\/\/schema.org","@graph":[{"@type":"Article","@id":"https:\/\/www.benidormparaiso.com\/blog\/los-mejores-apartamentos-vacacionales-en-playa-de-levante-en-benidorm\/#article","isPartOf":{"@id":"https:\/\/www.benidormparaiso.com\/blog\/los-mejores-apartamentos-vacacionales-en-playa-de-levante-en-benidorm\/"},"author":{"name":"digitalservices","@id":"https:\/\/www.benidormparaiso.com\/blog\/#\/schema\/person\/66ccecad2075718998118caf9f883bc3"},"headline":"Los mejores apartamentos vacacionales en playa de Levante en Benidorm","datePublished":"2024-07-17T10:54:26+00:00","dateModified":"2024-07-17T10:58:52+00:00","mainEntityOfPage":{"@id":"https:\/\/www.benidormparaiso.com\/blog\/los-mejores-apartamentos-vacacionales-en-playa-de-levante-en-benidorm\/"},"wordCount":833,"commentCount":0,"publisher":{"@id":"https:\/\/www.benidormparaiso.com\/blog\/#organization"},"image":{"@id":"https:\/\/www.benidormparaiso.com\/blog\/los-mejores-apartamentos-vacacionales-en-playa-de-levante-en-benidorm\/#primaryimage"},"thumbnailUrl":"https:\/\/www.benidormparaiso.com\/blog\/wp-content\/uploads\/2024\/07\/apartamentos-turisticos-cerca-playa-levante-benidorm.webp","keywords":["alojamientos cerca de la playa en Benidorm","apartamentos playa de Levante en Benidorm","apartamentos vacacionales Benidorm","Benidorm"],"articleSection":["Benidorm"],"inLanguage":"es","potentialAction":[{"@type":"CommentAction","name":"Comment","target":["https:\/\/www.benidormparaiso.com\/blog\/los-mejores-apartamentos-vacacionales-en-playa-de-levante-en-benidorm\/#respond"]}]},{"@type":"WebPage","@id":"https:\/\/www.benidormparaiso.com\/blog\/los-mejores-apartamentos-vacacionales-en-playa-de-levante-en-benidorm\/","url":"https:\/\/www.benidormparaiso.com\/blog\/los-mejores-apartamentos-vacacionales-en-playa-de-levante-en-benidorm\/","name":"Apartamentos vacacionales cerca de Playa de Levante Benidorm - Blog | Lo mejor de Benidorm","isPartOf":{"@id":"https:\/\/www.benidormparaiso.com\/blog\/#website"},"primaryImageOfPage":{"@id":"https:\/\/www.benidormparaiso.com\/blog\/los-mejores-apartamentos-vacacionales-en-playa-de-levante-en-benidorm\/#primaryimage"},"image":{"@id":"https:\/\/www.benidormparaiso.com\/blog\/los-mejores-apartamentos-vacacionales-en-playa-de-levante-en-benidorm\/#primaryimage"},"thumbnailUrl":"https:\/\/www.benidormparaiso.com\/blog\/wp-content\/uploads\/2024\/07\/apartamentos-turisticos-cerca-playa-levante-benidorm.webp","datePublished":"2024-07-17T10:54:26+00:00","dateModified":"2024-07-17T10:58:52+00:00","description":"Descubre por qu\u00e9 nuestros apartamentos vacacionales en playa de Levante en Benidorm son el destino perfecto para tus pr\u00f3ximas vacaciones.","breadcrumb":{"@id":"https:\/\/www.benidormparaiso.com\/blog\/los-mejores-apartamentos-vacacionales-en-playa-de-levante-en-benidorm\/#breadcrumb"},"inLanguage":"es","potentialAction":[{"@type":"ReadAction","target":["https:\/\/www.benidormparaiso.com\/blog\/los-mejores-apartamentos-vacacionales-en-playa-de-levante-en-benidorm\/"]}]},{"@type":"ImageObject","inLanguage":"es","@id":"https:\/\/www.benidormparaiso.com\/blog\/los-mejores-apartamentos-vacacionales-en-playa-de-levante-en-benidorm\/#primaryimage","url":"https:\/\/www.benidormparaiso.com\/blog\/wp-content\/uploads\/2024\/07\/apartamentos-turisticos-cerca-playa-levante-benidorm.webp","contentUrl":"https:\/\/www.benidormparaiso.com\/blog\/wp-content\/uploads\/2024\/07\/apartamentos-turisticos-cerca-playa-levante-benidorm.webp","width":1920,"height":650,"caption":"apartamentos-tur\u00edsticos-cerca-playa-levante-benidorm"},{"@type":"BreadcrumbList","@id":"https:\/\/www.benidormparaiso.com\/blog\/los-mejores-apartamentos-vacacionales-en-playa-de-levante-en-benidorm\/#breadcrumb","itemListElement":[{"@type":"ListItem","position":1,"name":"Home","item":"https:\/\/www.benidormparaiso.com\/blog\/en\/"},{"@type":"ListItem","position":2,"name":"Los mejores apartamentos vacacionales en playa de Levante en Benidorm"}]},{"@type":"WebSite","@id":"https:\/\/www.benidormparaiso.com\/blog\/#website","url":"https:\/\/www.benidormparaiso.com\/blog\/","name":"Blog | Lo mejor de Benidorm","description":"Benidormparaiso","publisher":{"@id":"https:\/\/www.benidormparaiso.com\/blog\/#organization"},"potentialAction":[{"@type":"SearchAction","target":{"@type":"EntryPoint","urlTemplate":"https:\/\/www.benidormparaiso.com\/blog\/?s={search_term_string}"},"query-input":{"@type":"PropertyValueSpecification","valueRequired":true,"valueName":"search_term_string"}}],"inLanguage":"es"},{"@type":"Organization","@id":"https:\/\/www.benidormparaiso.com\/blog\/#organization","name":"Blog | Lo mejor de Benidorm","url":"https:\/\/www.benidormparaiso.com\/blog\/","logo":{"@type":"ImageObject","inLanguage":"es","@id":"https:\/\/www.benidormparaiso.com\/blog\/#\/schema\/logo\/image\/","url":"https:\/\/www.benidormparaiso.com\/blog\/wp-content\/uploads\/2023\/08\/logo-10.png","contentUrl":"https:\/\/www.benidormparaiso.com\/blog\/wp-content\/uploads\/2023\/08\/logo-10.png","width":350,"height":354,"caption":"Blog | Lo mejor de Benidorm"},"image":{"@id":"https:\/\/www.benidormparaiso.com\/blog\/#\/schema\/logo\/image\/"}},{"@type":"Person","@id":"https:\/\/www.benidormparaiso.com\/blog\/#\/schema\/person\/66ccecad2075718998118caf9f883bc3","name":"digitalservices","image":{"@type":"ImageObject","inLanguage":"es","@id":"https:\/\/secure.gravatar.com\/avatar\/af30f88a1904294c1f3eb09a9d7903eec4ffa18fa2cf40c28a8681014ecdfc20?s=96&d=mm&r=g","url":"https:\/\/secure.gravatar.com\/avatar\/af30f88a1904294c1f3eb09a9d7903eec4ffa18fa2cf40c28a8681014ecdfc20?s=96&d=mm&r=g","contentUrl":"https:\/\/secure.gravatar.com\/avatar\/af30f88a1904294c1f3eb09a9d7903eec4ffa18fa2cf40c28a8681014ecdfc20?s=96&d=mm&r=g","caption":"digitalservices"},"url":"https:\/\/www.benidormparaiso.com\/blog\/author\/digitalservices\/"}]}},"_links":{"self":[{"href":"https:\/\/www.benidormparaiso.com\/blog\/wp-json\/wp\/v2\/posts\/740","targetHints":{"allow":["GET"]}}],"collection":[{"href":"https:\/\/www.benidormparaiso.com\/blog\/wp-json\/wp\/v2\/posts"}],"about":[{"href":"https:\/\/www.benidormparaiso.com\/blog\/wp-json\/wp\/v2\/types\/post"}],"author":[{"embeddable":true,"href":"https:\/\/www.benidormparaiso.com\/blog\/wp-json\/wp\/v2\/users\/3"}],"replies":[{"embeddable":true,"href":"https:\/\/www.benidormparaiso.com\/blog\/wp-json\/wp\/v2\/comments?post=740"}],"version-history":[{"count":11,"href":"https:\/\/www.benidormparaiso.com\/blog\/wp-json\/wp\/v2\/posts\/740\/revisions"}],"predecessor-version":[{"id":758,"href":"https:\/\/www.benidormparaiso.com\/blog\/wp-json\/wp\/v2\/posts\/740\/revisions\/758"}],"wp:featuredmedia":[{"embeddable":true,"href":"https:\/\/www.benidormparaiso.com\/blog\/wp-json\/wp\/v2\/media\/745"}],"wp:attachment":[{"href":"https:\/\/www.benidormparaiso.com\/blog\/wp-json\/wp\/v2\/media?parent=740"}],"wp:term":[{"taxonomy":"category","embeddable":true,"href":"https:\/\/www.benidormparaiso.com\/blog\/wp-json\/wp\/v2\/categories?post=740"},{"taxonomy":"post_tag","embeddable":true,"href":"https:\/\/www.benidormparaiso.com\/blog\/wp-json\/wp\/v2\/tags?post=740"}],"curies":[{"name":"wp","href":"https:\/\/api.w.org\/{rel}","templated":true}]}}