{"id":904,"date":"2024-10-16T10:44:11","date_gmt":"2024-10-16T10:44:11","guid":{"rendered":"https:\/\/www.benidormparaiso.com\/blog\/?p=904"},"modified":"2026-03-04T15:43:11","modified_gmt":"2026-03-04T15:43:11","slug":"isla-benidorm","status":"publish","type":"post","link":"https:\/\/www.benidormparaiso.com\/blog\/isla-benidorm\/","title":{"rendered":"La Isla de Benidorm: Un Para\u00edso en el Mediterr\u00e1neo"},"content":{"rendered":"\t\t<div data-elementor-type=\"wp-post\" data-elementor-id=\"904\" class=\"elementor elementor-904\" data-elementor-post-type=\"post\">\n\t\t\t\t\t\t<section class=\"elementor-section elementor-top-section elementor-element elementor-element-5ffd0039 elementor-section-boxed elementor-section-height-default elementor-section-height-default\" data-id=\"5ffd0039\" data-element_type=\"section\" data-e-type=\"section\">\n\t\t\t\t\t\t<div class=\"elementor-container elementor-column-gap-default\">\n\t\t\t\t\t<div class=\"elementor-column elementor-col-100 elementor-top-column elementor-element elementor-element-1b3df490\" data-id=\"1b3df490\" data-element_type=\"column\" data-e-type=\"column\">\n\t\t\t<div class=\"elementor-widget-wrap elementor-element-populated\">\n\t\t\t\t\t\t<div class=\"elementor-element elementor-element-6c499743 elementor-widget elementor-widget-text-editor\" data-id=\"6c499743\" data-element_type=\"widget\" data-e-type=\"widget\" data-widget_type=\"text-editor.default\">\n\t\t\t\t<div class=\"elementor-widget-container\">\n\t\t\t\t\t\t\t\t\t<p><span style=\"font-weight: 400\">\u00bfSab\u00edas que existe una peque\u00f1a isla justo delante de Benidorm que puedes visitar en tu pr\u00f3ximo viaje a la Costa Blanca? \u00bfY sabes c\u00f3mo se llama la Isla de Benidorm? Pues tal cual: Isla de Benidorm, aunque tambi\u00e9n se designa como Islote de Benidorm y es conocida como \u201cla isla de los periodistas\u201d (te contaremos por qu\u00e9 en este art\u00edculo). Se trata de una peque\u00f1a porci\u00f3n de tierra con mucho inter\u00e9s ambiental, paisaj\u00edstico y ecol\u00f3gico. Adem\u00e1s, existen muchas historias y leyendas asociadas a esta isla, que la convierten en uno de los puntos m\u00e1s interesantes de la regi\u00f3n.<\/span><\/p><p><span style=\"font-weight: 400\">Es posible visitar la Isla de Benidorm, y aqu\u00ed te diremos c\u00f3mo se puede llegar, qu\u00e9 se puede hacer y te daremos algunos consejos para que aproveches al m\u00e1ximo tu pr\u00f3xima escapada. Debes saber que no se puede dormir en la Isla de Benidorm, ya que no existen alojamientos, pero existe un restaurante donde puedes comer y beber algo con vistas al mar y a los rascacielos de Benidorm. Descubre todo lo que necesitas saber sobre la Isla de Benidorm a continuaci\u00f3n.<\/span><\/p>\t\t\t\t\t\t\t\t<\/div>\n\t\t\t\t<\/div>\n\t\t\t\t\t<\/div>\n\t\t<\/div>\n\t\t\t\t\t<\/div>\n\t\t<\/section>\n\t\t\t\t<section class=\"elementor-section elementor-top-section elementor-element elementor-element-7d70e8ed elementor-section-boxed elementor-section-height-default elementor-section-height-default\" data-id=\"7d70e8ed\" data-element_type=\"section\" data-e-type=\"section\">\n\t\t\t\t\t\t<div class=\"elementor-container elementor-column-gap-default\">\n\t\t\t\t\t<div class=\"elementor-column elementor-col-100 elementor-top-column elementor-element elementor-element-795a2a44\" data-id=\"795a2a44\" data-element_type=\"column\" data-e-type=\"column\">\n\t\t\t<div class=\"elementor-widget-wrap elementor-element-populated\">\n\t\t\t\t\t\t<div class=\"elementor-element elementor-element-889de04 elementor-widget elementor-widget-table-of-contents\" data-id=\"889de04\" data-element_type=\"widget\" data-e-type=\"widget\" data-settings=\"{&quot;headings_by_tags&quot;:[&quot;h2&quot;],&quot;exclude_headings_by_selector&quot;:[],&quot;marker_view&quot;:&quot;bullets&quot;,&quot;icon&quot;:{&quot;value&quot;:&quot;&quot;,&quot;library&quot;:&quot;&quot;},&quot;no_headings_message&quot;:&quot;No headings were found on this page.&quot;,&quot;hierarchical_view&quot;:&quot;yes&quot;,&quot;min_height&quot;:{&quot;unit&quot;:&quot;px&quot;,&quot;size&quot;:&quot;&quot;,&quot;sizes&quot;:[]},&quot;min_height_tablet&quot;:{&quot;unit&quot;:&quot;px&quot;,&quot;size&quot;:&quot;&quot;,&quot;sizes&quot;:[]},&quot;min_height_mobile&quot;:{&quot;unit&quot;:&quot;px&quot;,&quot;size&quot;:&quot;&quot;,&quot;sizes&quot;:[]}}\" data-widget_type=\"table-of-contents.default\">\n\t\t\t\t<div class=\"elementor-widget-container\">\n\t\t\t\t\t\t\t\t\t<div class=\"elementor-toc__header\">\n\t\t\t\t\t\t<div class=\"elementor-toc__header-title\">\n\t\t\t\t\u00cdndice\t\t\t<\/div>\n\t\t\t\t\t\t\t\t<\/div>\n\t\t\t\t<div id=\"elementor-toc__889de04\" class=\"elementor-toc__body\">\n\t\t\t<div class=\"elementor-toc__spinner-container\">\n\t\t\t\t<i class=\"elementor-toc__spinner eicon-animation-spin eicon-loading\" aria-hidden=\"true\"><\/i>\t\t\t<\/div>\n\t\t<\/div>\n\t\t\t\t\t\t<\/div>\n\t\t\t\t<\/div>\n\t\t\t\t\t<\/div>\n\t\t<\/div>\n\t\t\t\t\t<\/div>\n\t\t<\/section>\n\t\t\t\t<section class=\"elementor-section elementor-top-section elementor-element elementor-element-8af1e29 elementor-section-boxed elementor-section-height-default elementor-section-height-default\" data-id=\"8af1e29\" data-element_type=\"section\" data-e-type=\"section\">\n\t\t\t\t\t\t<div class=\"elementor-container elementor-column-gap-default\">\n\t\t\t\t\t<div class=\"elementor-column elementor-col-100 elementor-top-column elementor-element elementor-element-8812606\" data-id=\"8812606\" data-element_type=\"column\" data-e-type=\"column\">\n\t\t\t<div class=\"elementor-widget-wrap elementor-element-populated\">\n\t\t\t\t\t\t<div class=\"elementor-element elementor-element-b2df10a elementor-widget elementor-widget-heading\" data-id=\"b2df10a\" data-element_type=\"widget\" data-e-type=\"widget\" data-widget_type=\"heading.default\">\n\t\t\t\t<div class=\"elementor-widget-container\">\n\t\t\t\t\t<h2 class=\"elementor-heading-title elementor-size-default\">C\u00f3mo Llegar a la Isla de Benidorm en Barco<\/h2>\t\t\t\t<\/div>\n\t\t\t\t<\/div>\n\t\t\t\t<div class=\"elementor-element elementor-element-1a8ae10 elementor-widget elementor-widget-text-editor\" data-id=\"1a8ae10\" data-element_type=\"widget\" data-e-type=\"widget\" data-widget_type=\"text-editor.default\">\n\t\t\t\t<div class=\"elementor-widget-container\">\n\t\t\t\t\t\t\t\t\t<p><span style=\"font-weight: 400\">Ubicada a 2,5 millas n\u00e1uticas (poco m\u00e1s de 4,5 kil\u00f3metros) de la costa de Benidorm, la Isla de Benidorm solo es accesible en barco, y el trayecto dura alrededor de 20 minutos. Es posible encontrar barcos que salen cada hora a lo largo de todo el d\u00eda (empiezan a las 10h00), y algunos de ellos tienen visi\u00f3n submarina, lo que permite una experiencia a\u00fan m\u00e1s espectacular. Los precios rondan los 22\u20ac por adulto y los 14\u20ac por ni\u00f1o, pero es posible conseguir ofertas para reservas de grupos.<\/span><\/p><p><span style=\"font-weight: 400\">Para llegar a Benidorm, provincia de Alicante, en la Comunidad Valenciana, existen varias opciones: la AP7 comunica esta ciudad con otros puntos importantes de la regi\u00f3n, como Valencia, Elche o Alicante; existen tambi\u00e9n varias l\u00edneas de autob\u00fas que conectan Benidorm con otras ciudades, a trav\u00e9s de la N-332; si prefieres usar el tren, puedes contar con el AVE a Alicante desde varios puntos del pa\u00eds, y luego una conexi\u00f3n en TRAM; por aire, puedes coger un vuelo al aeropuerto m\u00e1s cercano, el de Alicante-Elche.<\/span><\/p>\t\t\t\t\t\t\t\t<\/div>\n\t\t\t\t<\/div>\n\t\t\t\t\t<\/div>\n\t\t<\/div>\n\t\t\t\t\t<\/div>\n\t\t<\/section>\n\t\t\t\t<section class=\"elementor-section elementor-top-section elementor-element elementor-element-1869f08 elementor-section-boxed elementor-section-height-default elementor-section-height-default\" data-id=\"1869f08\" data-element_type=\"section\" data-e-type=\"section\">\n\t\t\t\t\t\t<div class=\"elementor-container elementor-column-gap-default\">\n\t\t\t\t\t<div class=\"elementor-column elementor-col-100 elementor-top-column elementor-element elementor-element-bc5d398\" data-id=\"bc5d398\" data-element_type=\"column\" data-e-type=\"column\">\n\t\t\t<div class=\"elementor-widget-wrap elementor-element-populated\">\n\t\t\t\t\t\t<div class=\"elementor-element elementor-element-e752c6e elementor-widget elementor-widget-image\" data-id=\"e752c6e\" data-element_type=\"widget\" data-e-type=\"widget\" data-widget_type=\"image.default\">\n\t\t\t\t<div class=\"elementor-widget-container\">\n\t\t\t\t\t\t\t\t\t\t\t\t\t\t\t<img fetchpriority=\"high\" decoding=\"async\" width=\"1254\" height=\"627\" src=\"https:\/\/www.benidormparaiso.com\/blog\/wp-content\/uploads\/2024\/10\/vistas-isla-benidorm.jpg\" class=\"attachment-full size-full wp-image-916\" alt=\"vistas-isla-benidorm\" srcset=\"https:\/\/www.benidormparaiso.com\/blog\/wp-content\/uploads\/2024\/10\/vistas-isla-benidorm.jpg 1254w, https:\/\/www.benidormparaiso.com\/blog\/wp-content\/uploads\/2024\/10\/vistas-isla-benidorm-768x384.jpg 768w\" sizes=\"(max-width: 1254px) 100vw, 1254px\" \/>\t\t\t\t\t\t\t\t\t\t\t\t\t\t\t<\/div>\n\t\t\t\t<\/div>\n\t\t\t\t\t<\/div>\n\t\t<\/div>\n\t\t\t\t\t<\/div>\n\t\t<\/section>\n\t\t\t\t<section class=\"elementor-section elementor-top-section elementor-element elementor-element-ffc53d2 elementor-section-boxed elementor-section-height-default elementor-section-height-default\" data-id=\"ffc53d2\" data-element_type=\"section\" data-e-type=\"section\">\n\t\t\t\t\t\t<div class=\"elementor-container elementor-column-gap-default\">\n\t\t\t\t\t<div class=\"elementor-column elementor-col-100 elementor-top-column elementor-element elementor-element-012b7dd\" data-id=\"012b7dd\" data-element_type=\"column\" data-e-type=\"column\">\n\t\t\t<div class=\"elementor-widget-wrap elementor-element-populated\">\n\t\t\t\t\t\t<div class=\"elementor-element elementor-element-952daf5 elementor-widget elementor-widget-heading\" data-id=\"952daf5\" data-element_type=\"widget\" data-e-type=\"widget\" data-widget_type=\"heading.default\">\n\t\t\t\t<div class=\"elementor-widget-container\">\n\t\t\t\t\t<h2 class=\"elementor-heading-title elementor-size-default\">Qu\u00e9 Ver y Hacer en la Isla de Benidorm<\/h2>\t\t\t\t<\/div>\n\t\t\t\t<\/div>\n\t\t\t\t<div class=\"elementor-element elementor-element-3c5c5cd elementor-widget elementor-widget-text-editor\" data-id=\"3c5c5cd\" data-element_type=\"widget\" data-e-type=\"widget\" data-widget_type=\"text-editor.default\">\n\t\t\t\t<div class=\"elementor-widget-container\">\n\t\t\t\t\t\t\t\t\t<p><span style=\"font-weight: 400\">La Isla de Benidorm es muy peque\u00f1a y ha tenido muy poca intervenci\u00f3n humana, con lo cual sus principales atractivos son naturales. Sin embargo, tenemos que mencionar el Faro del Islote de Benidorm y el mirador, puntos que atraen a los visitantes, especialmente por las vistas que ofrecen. Es muy interesante visitar este lugar e imaginar que en otros tiempos fue un refugio para las familias pudientes que hu\u00edan del c\u00f3lera, o que mucho antes de eso fue una base de operaciones para piratas que navegaban por estos mares. Recomendamos tambi\u00e9n una visita al \u00fanico restaurante de la isla, el Restaurante Lilla, que ofrece snacks, bocadillos y ensaladas, adem\u00e1s de tener carta de vinos, zumos, granizados, licores y bebidas espirituosas.<\/span><\/p>\t\t\t\t\t\t\t\t<\/div>\n\t\t\t\t<\/div>\n\t\t\t\t\t<\/div>\n\t\t<\/div>\n\t\t\t\t\t<\/div>\n\t\t<\/section>\n\t\t\t\t<section class=\"elementor-section elementor-top-section elementor-element elementor-element-52a9e4c3 elementor-section-boxed elementor-section-height-default elementor-section-height-default\" data-id=\"52a9e4c3\" data-element_type=\"section\" data-e-type=\"section\">\n\t\t\t\t\t\t<div class=\"elementor-container elementor-column-gap-default\">\n\t\t\t\t\t<div class=\"elementor-column elementor-col-100 elementor-top-column elementor-element elementor-element-47dc9a1c\" data-id=\"47dc9a1c\" data-element_type=\"column\" data-e-type=\"column\">\n\t\t\t<div class=\"elementor-widget-wrap elementor-element-populated\">\n\t\t\t\t\t\t<div class=\"elementor-element elementor-element-6b17786d elementor-widget elementor-widget-heading\" data-id=\"6b17786d\" data-element_type=\"widget\" data-e-type=\"widget\" data-widget_type=\"heading.default\">\n\t\t\t\t<div class=\"elementor-widget-container\">\n\t\t\t\t\t<h3 class=\"elementor-heading-title elementor-size-default\">La Leyenda del Gigante de la Isla de Benidorm<\/h3>\t\t\t\t<\/div>\n\t\t\t\t<\/div>\n\t\t\t\t\t<\/div>\n\t\t<\/div>\n\t\t\t\t\t<\/div>\n\t\t<\/section>\n\t\t\t\t<section class=\"elementor-section elementor-top-section elementor-element elementor-element-d57e857 elementor-section-boxed elementor-section-height-default elementor-section-height-default\" data-id=\"d57e857\" data-element_type=\"section\" data-e-type=\"section\">\n\t\t\t\t\t\t<div class=\"elementor-container elementor-column-gap-default\">\n\t\t\t\t\t<div class=\"elementor-column elementor-col-33 elementor-top-column elementor-element elementor-element-67ffa67\" data-id=\"67ffa67\" data-element_type=\"column\" data-e-type=\"column\">\n\t\t\t<div class=\"elementor-widget-wrap elementor-element-populated\">\n\t\t\t\t\t\t<div class=\"elementor-element elementor-element-bdb50d8 elementor-view-default elementor-widget elementor-widget-icon\" data-id=\"bdb50d8\" data-element_type=\"widget\" data-e-type=\"widget\" data-widget_type=\"icon.default\">\n\t\t\t\t<div class=\"elementor-widget-container\">\n\t\t\t\t\t\t\t<div class=\"elementor-icon-wrapper\">\n\t\t\t<div class=\"elementor-icon\">\n\t\t\t<i aria-hidden=\"true\" class=\"fas fa-book-reader\"><\/i>\t\t\t<\/div>\n\t\t<\/div>\n\t\t\t\t\t\t<\/div>\n\t\t\t\t<\/div>\n\t\t\t\t\t<\/div>\n\t\t<\/div>\n\t\t\t\t<div class=\"elementor-column elementor-col-66 elementor-top-column elementor-element elementor-element-d7d06f7\" data-id=\"d7d06f7\" data-element_type=\"column\" data-e-type=\"column\">\n\t\t\t<div class=\"elementor-widget-wrap elementor-element-populated\">\n\t\t\t\t\t\t<div class=\"elementor-element elementor-element-3f1dbe8d elementor-widget elementor-widget-text-editor\" data-id=\"3f1dbe8d\" data-element_type=\"widget\" data-e-type=\"widget\" data-widget_type=\"text-editor.default\">\n\t\t\t\t<div class=\"elementor-widget-container\">\n\t\t\t\t\t\t\t\t\t<p><span style=\"font-weight: 400\">A t\u00edtulo de curiosidad, \u00bfconoces la leyenda del origen de la Isla de Benidorm? Dicen que hab\u00eda un gigante, llamado Rold\u00e1n (viejo conocido de varias leyendas de Benidorm), que se enamor\u00f3 de una joven que morir\u00eda justo cuando se fuera el \u00faltimo rayo de sol. Como intento de prolongar la vida de esta chica, Rold\u00e1n peg\u00f3 una patada a un trozo de la monta\u00f1a Puig Campana, que se convirti\u00f3 en la Isla de Benidorm y permiti\u00f3 que la luz del sol se mantuviese un poquito m\u00e1s sobre su amada.<\/span><\/p>\t\t\t\t\t\t\t\t<\/div>\n\t\t\t\t<\/div>\n\t\t\t\t\t<\/div>\n\t\t<\/div>\n\t\t\t\t\t<\/div>\n\t\t<\/section>\n\t\t\t\t<section class=\"elementor-section elementor-top-section elementor-element elementor-element-4feb0bc elementor-section-boxed elementor-section-height-default elementor-section-height-default\" data-id=\"4feb0bc\" data-element_type=\"section\" data-e-type=\"section\">\n\t\t\t\t\t\t<div class=\"elementor-container elementor-column-gap-default\">\n\t\t\t\t\t<div class=\"elementor-column elementor-col-100 elementor-top-column elementor-element elementor-element-8bf0ccd\" data-id=\"8bf0ccd\" data-element_type=\"column\" data-e-type=\"column\">\n\t\t\t<div class=\"elementor-widget-wrap elementor-element-populated\">\n\t\t\t\t\t\t<div class=\"elementor-element elementor-element-62f7cd0 elementor-widget elementor-widget-heading\" data-id=\"62f7cd0\" data-element_type=\"widget\" data-e-type=\"widget\" data-widget_type=\"heading.default\">\n\t\t\t\t<div class=\"elementor-widget-container\">\n\t\t\t\t\t<h2 class=\"elementor-heading-title elementor-size-default\">Actividades Acu\u00e1ticas y Excursiones en la Isla de Benidorm<\/h2>\t\t\t\t<\/div>\n\t\t\t\t<\/div>\n\t\t\t\t<div class=\"elementor-element elementor-element-6bcb3ff elementor-widget elementor-widget-text-editor\" data-id=\"6bcb3ff\" data-element_type=\"widget\" data-e-type=\"widget\" data-widget_type=\"text-editor.default\">\n\t\t\t\t<div class=\"elementor-widget-container\">\n\t\t\t\t\t\t\t\t\t<p><span style=\"font-weight: 400\">Uno de los planes m\u00e1s interesantes que puedes hacer con tu grupo de amigos o familia es una excursi\u00f3n privada a la Isla de Benidorm en barco. As\u00ed, podr\u00e1s dise\u00f1ar un d\u00eda perfecto, de acuerdo con tus preferencias y solo para vosotros. Una de las actividades m\u00e1s recomendables es el buceo, aprovechando el fant\u00e1stico fondo marino de la zona: aguas transparentes, zonas con diferentes niveles de exigencia y el hecho de ser una zona protegida, que le confiere una calidad ambiental m\u00e1s elevada. Esto tambi\u00e9n significa que debes tener mucho m\u00e1s cuidado y ayudar a proteger el entorno y mantenerlo limpio para los dem\u00e1s.\u00a0<\/span><\/p>\t\t\t\t\t\t\t\t<\/div>\n\t\t\t\t<\/div>\n\t\t\t\t\t<\/div>\n\t\t<\/div>\n\t\t\t\t\t<\/div>\n\t\t<\/section>\n\t\t\t\t<section class=\"elementor-section elementor-top-section elementor-element elementor-element-303c97c elementor-section-boxed elementor-section-height-default elementor-section-height-default\" data-id=\"303c97c\" data-element_type=\"section\" data-e-type=\"section\">\n\t\t\t\t\t\t<div class=\"elementor-container elementor-column-gap-default\">\n\t\t\t\t\t<div class=\"elementor-column elementor-col-100 elementor-top-column elementor-element elementor-element-515dae1\" data-id=\"515dae1\" data-element_type=\"column\" data-e-type=\"column\">\n\t\t\t<div class=\"elementor-widget-wrap elementor-element-populated\">\n\t\t\t\t\t\t<div class=\"elementor-element elementor-element-c08a270 elementor-widget elementor-widget-image\" data-id=\"c08a270\" data-element_type=\"widget\" data-e-type=\"widget\" data-widget_type=\"image.default\">\n\t\t\t\t<div class=\"elementor-widget-container\">\n\t\t\t\t\t\t\t\t\t\t\t\t\t\t\t<img decoding=\"async\" width=\"1356\" height=\"678\" src=\"https:\/\/www.benidormparaiso.com\/blog\/wp-content\/uploads\/2024\/10\/visitar-isla-benidorm.jpg\" class=\"attachment-full size-full wp-image-914\" alt=\"visitar-isla-benidorm\" srcset=\"https:\/\/www.benidormparaiso.com\/blog\/wp-content\/uploads\/2024\/10\/visitar-isla-benidorm.jpg 1356w, https:\/\/www.benidormparaiso.com\/blog\/wp-content\/uploads\/2024\/10\/visitar-isla-benidorm-768x384.jpg 768w\" sizes=\"(max-width: 1356px) 100vw, 1356px\" \/>\t\t\t\t\t\t\t\t\t\t\t\t\t\t\t<\/div>\n\t\t\t\t<\/div>\n\t\t\t\t\t<\/div>\n\t\t<\/div>\n\t\t\t\t\t<\/div>\n\t\t<\/section>\n\t\t\t\t<section class=\"elementor-section elementor-top-section elementor-element elementor-element-823057f elementor-section-boxed elementor-section-height-default elementor-section-height-default\" data-id=\"823057f\" data-element_type=\"section\" data-e-type=\"section\">\n\t\t\t\t\t\t<div class=\"elementor-container elementor-column-gap-default\">\n\t\t\t\t\t<div class=\"elementor-column elementor-col-100 elementor-top-column elementor-element elementor-element-4c5b9c6\" data-id=\"4c5b9c6\" data-element_type=\"column\" data-e-type=\"column\">\n\t\t\t<div class=\"elementor-widget-wrap elementor-element-populated\">\n\t\t\t\t\t\t<div class=\"elementor-element elementor-element-f82c6d6 elementor-widget elementor-widget-heading\" data-id=\"f82c6d6\" data-element_type=\"widget\" data-e-type=\"widget\" data-widget_type=\"heading.default\">\n\t\t\t\t<div class=\"elementor-widget-container\">\n\t\t\t\t\t<h2 class=\"elementor-heading-title elementor-size-default\">Flora y Fauna de la Isla de Benidorm<\/h2>\t\t\t\t<\/div>\n\t\t\t\t<\/div>\n\t\t\t\t<div class=\"elementor-element elementor-element-ff09923 elementor-widget elementor-widget-text-editor\" data-id=\"ff09923\" data-element_type=\"widget\" data-e-type=\"widget\" data-widget_type=\"text-editor.default\">\n\t\t\t\t<div class=\"elementor-widget-container\">\n\t\t\t\t\t\t\t\t\t<p><span style=\"font-weight: 400\">Este peque\u00f1o lugar es un para\u00edso para muchas aves marinas, que pueden nidificar y descansar lejos del bullicio de la ciudad. Aqu\u00ed es posible avistar varias especies de gaviotas, pa\u00ed\u00f1os europeos, cormoranes y halcones peregrinos. Si hablamos de la fauna submarina, que se puede ver con una sesi\u00f3n de buceo, ah\u00ed encontraremos sargos, morenas, peces rata, raores, congrios, pulpos y rayas, aunque cada zona tiene sus especies m\u00e1s comunes.<\/span><\/p><p><span style=\"font-weight: 400\">Esta isla rocosa presenta un ambiente dif\u00edcil para la vegetaci\u00f3n, por la escasez de lluvias y falta de suelo f\u00e9rtil, y por ese motivo la flora es bastante reducida. Podr\u00e1s encontrar hinojo marino, asterisco mar\u00edtimo y Sarcocapnos saetabensis, adem\u00e1s de matorral compuesto por cambr\u00f3n, paternostrera, acebuche y chumberas.<\/span><\/p>\t\t\t\t\t\t\t\t<\/div>\n\t\t\t\t<\/div>\n\t\t\t\t\t<\/div>\n\t\t<\/div>\n\t\t\t\t\t<\/div>\n\t\t<\/section>\n\t\t\t\t<section class=\"elementor-section elementor-top-section elementor-element elementor-element-1e5e5aa elementor-section-boxed elementor-section-height-default elementor-section-height-default\" data-id=\"1e5e5aa\" data-element_type=\"section\" data-e-type=\"section\">\n\t\t\t\t\t\t<div class=\"elementor-container elementor-column-gap-default\">\n\t\t\t\t\t<div class=\"elementor-column elementor-col-100 elementor-top-column elementor-element elementor-element-bd004d4\" data-id=\"bd004d4\" data-element_type=\"column\" data-e-type=\"column\">\n\t\t\t<div class=\"elementor-widget-wrap elementor-element-populated\">\n\t\t\t\t\t\t<div class=\"elementor-element elementor-element-3c5f5e4 elementor-widget elementor-widget-heading\" data-id=\"3c5f5e4\" data-element_type=\"widget\" data-e-type=\"widget\" data-widget_type=\"heading.default\">\n\t\t\t\t<div class=\"elementor-widget-container\">\n\t\t\t\t\t<h2 class=\"elementor-heading-title elementor-size-default\">Explora la Isla de Benidorm de forma c\u00f3moda<\/h2>\t\t\t\t<\/div>\n\t\t\t\t<\/div>\n\t\t\t\t<div class=\"elementor-element elementor-element-4c1a798 elementor-widget elementor-widget-text-editor\" data-id=\"4c1a798\" data-element_type=\"widget\" data-e-type=\"widget\" data-widget_type=\"text-editor.default\">\n\t\t\t\t<div class=\"elementor-widget-container\">\n\t\t\t\t\t\t\t\t\t<p><span style=\"font-weight: 400\">Visitar la Isla de Benidorm en barco es uno de los planes m\u00e1s interesantes para hacer en Benidorm y puede ser complementado con actividades muy divertidas. Empieza ya a preparar tu pr\u00f3ximo viaje y reserva tu alojamiento ideal en <\/span><a href=\"https:\/\/www.benidormparaiso.com\/\"><span style=\"font-weight: 400\">Benidorm Para\u00edso<\/span><\/a><span style=\"font-weight: 400\">, donde encontrar\u00e1s el apartamento perfecto para ti y para los tuyos, con todas las condiciones que necesitas para unas vacaciones de ensue\u00f1o en la Costa Blanca.<\/span><\/p><p><span style=\"font-weight: 400\">Por cierto, te dijimos que \u00edbamos a explicar el motivo por el que se conoce a la Isla de Benidorm como \u201cla isla de los periodistas\u201d: esta designaci\u00f3n ha surgido porque la Federaci\u00f3n de Asociaciones de Prensa de Espa\u00f1a fue nombrada madrina de esta isla y todos los periodistas de Espa\u00f1a, de forma com\u00fan, son sus padrinos. Un elemento curioso m\u00e1s de este islote tan especial, que podr\u00e1s visitar en tu pr\u00f3xima escapada a Benidorm.<\/span><\/p>\t\t\t\t\t\t\t\t<\/div>\n\t\t\t\t<\/div>\n\t\t\t\t\t<\/div>\n\t\t<\/div>\n\t\t\t\t\t<\/div>\n\t\t<\/section>\n\t\t\t\t<section class=\"elementor-section elementor-top-section elementor-element elementor-element-1d2421db elementor-section-boxed elementor-section-height-default elementor-section-height-default\" data-id=\"1d2421db\" data-element_type=\"section\" data-e-type=\"section\">\n\t\t\t\t\t\t<div class=\"elementor-container elementor-column-gap-default\">\n\t\t\t\t\t<div class=\"elementor-column elementor-col-50 elementor-top-column elementor-element elementor-element-7eac328\" data-id=\"7eac328\" data-element_type=\"column\" data-e-type=\"column\">\n\t\t\t<div class=\"elementor-widget-wrap elementor-element-populated\">\n\t\t\t\t\t\t<div class=\"elementor-element elementor-element-3e81918 elementor-cta--skin-cover elementor-cta--valign-bottom elementor-widget__width-initial elementor-animated-content elementor-bg-transform elementor-bg-transform-zoom-in elementor-widget elementor-widget-call-to-action\" data-id=\"3e81918\" data-element_type=\"widget\" data-e-type=\"widget\" data-widget_type=\"call-to-action.default\">\n\t\t\t\t<div class=\"elementor-widget-container\">\n\t\t\t\t\t\t\t<div class=\"elementor-cta\">\n\t\t\t\t\t<div class=\"elementor-cta__bg-wrapper\">\n\t\t\t\t<div class=\"elementor-cta__bg elementor-bg\" style=\"background-image: url(https:\/\/www.benidormparaiso.com\/blog\/wp-content\/uploads\/2024\/01\/Vacacinoes-Costa-Blanca-en-Benidorm.jpg);\" role=\"img\" aria-label=\"Vacacinoes Costa Blanca en Benidorm\"><\/div>\n\t\t\t\t<div class=\"elementor-cta__bg-overlay\"><\/div>\n\t\t\t<\/div>\n\t\t\t\t\t\t\t<div class=\"elementor-cta__content\">\n\t\t\t\t\n\t\t\t\t\n\t\t\t\t\n\t\t\t\t\t\t\t\t\t<div class=\"elementor-cta__button-wrapper elementor-cta__content-item elementor-content-item elementor-animated-item--grow\">\n\t\t\t\t\t<a class=\"elementor-cta__button elementor-button elementor-size-\" href=\"https:\/\/www.benidormparaiso.com\/alquiler-de-alojamientos-en-benidorm\">\n\t\t\t\t\t\tAlojamientos en Benidorm\t\t\t\t\t<\/a>\n\t\t\t\t\t<\/div>\n\t\t\t\t\t\t\t<\/div>\n\t\t\t\t\t\t<\/div>\n\t\t\t\t\t\t<\/div>\n\t\t\t\t<\/div>\n\t\t\t\t\t<\/div>\n\t\t<\/div>\n\t\t\t\t<div class=\"elementor-column elementor-col-50 elementor-top-column elementor-element elementor-element-7180cf00\" data-id=\"7180cf00\" data-element_type=\"column\" data-e-type=\"column\">\n\t\t\t<div class=\"elementor-widget-wrap elementor-element-populated\">\n\t\t\t\t\t\t<div class=\"elementor-element elementor-element-20e8ac01 elementor-cta--skin-cover elementor-cta--valign-bottom elementor-animated-content elementor-bg-transform elementor-bg-transform-zoom-in elementor-widget elementor-widget-call-to-action\" data-id=\"20e8ac01\" data-element_type=\"widget\" data-e-type=\"widget\" data-widget_type=\"call-to-action.default\">\n\t\t\t\t<div class=\"elementor-widget-container\">\n\t\t\t\t\t\t\t<div class=\"elementor-cta\">\n\t\t\t\t\t<div class=\"elementor-cta__bg-wrapper\">\n\t\t\t\t<div class=\"elementor-cta__bg elementor-bg\" style=\"background-image: url(https:\/\/www.benidormparaiso.com\/blog\/wp-content\/uploads\/2024\/02\/suite-1-dormitorio-benidorm-1920x630.jpg);\" role=\"img\" aria-label=\"Suite 1 dormitorio benidorm\"><\/div>\n\t\t\t\t<div class=\"elementor-cta__bg-overlay\"><\/div>\n\t\t\t<\/div>\n\t\t\t\t\t\t\t<div class=\"elementor-cta__content\">\n\t\t\t\t\n\t\t\t\t\n\t\t\t\t\n\t\t\t\t\t\t\t\t\t<div class=\"elementor-cta__button-wrapper elementor-cta__content-item elementor-content-item elementor-animated-item--grow\">\n\t\t\t\t\t<a class=\"elementor-cta__button elementor-button elementor-size-\" href=\"https:\/\/www.benidormparaiso.com\/alquiler\/alquiler-alquileres-d0\/\">\n\t\t\t\t\t\tApartamentos en Benidorm\t\t\t\t\t<\/a>\n\t\t\t\t\t<\/div>\n\t\t\t\t\t\t\t<\/div>\n\t\t\t\t\t\t<\/div>\n\t\t\t\t\t\t<\/div>\n\t\t\t\t<\/div>\n\t\t\t\t\t<\/div>\n\t\t<\/div>\n\t\t\t\t\t<\/div>\n\t\t<\/section>\n\t\t\t\t<\/div>\n\t\t","protected":false},"excerpt":{"rendered":"<p>\u00bfSab\u00edas que existe una peque\u00f1a isla justo delante de Benidorm que puedes visitar en tu pr\u00f3ximo viaje a la Costa Blanca? \u00bfY sabes c\u00f3mo se llama la Isla de Benidorm? Pues tal cual: Isla de Benidorm, aunque tambi\u00e9n se designa como Islote de Benidorm y es conocida como \u201cla isla de los periodistas\u201d (te contaremos [&hellip;]<\/p>\n","protected":false},"author":4,"featured_media":921,"comment_status":"open","ping_status":"open","sticky":false,"template":"","format":"standard","meta":{"footnotes":""},"categories":[35],"tags":[79],"class_list":["post-904","post","type-post","status-publish","format-standard","has-post-thumbnail","hentry","category-benidorm","tag-no-template"],"yoast_head":"<!-- This site is optimized with the Yoast SEO plugin v27.4 - https:\/\/yoast.com\/product\/yoast-seo-wordpress\/ -->\n<title>La Isla de Benidorm: Un Para\u00edso en el Mediterr\u00e1neo - Blog | Lo mejor de Benidorm<\/title>\n<meta name=\"description\" content=\"Descubre la Isla de Benidorm: playas, actividades y mucho m\u00e1s te esperan en este vibrante destino tur\u00edstico.\" \/>\n<meta name=\"robots\" content=\"index, follow, max-snippet:-1, max-image-preview:large, max-video-preview:-1\" \/>\n<link rel=\"canonical\" href=\"https:\/\/www.benidormparaiso.com\/blog\/isla-benidorm\/\" \/>\n<meta property=\"og:locale\" content=\"es_ES\" \/>\n<meta property=\"og:type\" content=\"article\" \/>\n<meta property=\"og:title\" content=\"La Isla de Benidorm: Un Para\u00edso en el Mediterr\u00e1neo - Blog | Lo mejor de Benidorm\" \/>\n<meta property=\"og:description\" content=\"Descubre la Isla de Benidorm: playas, actividades y mucho m\u00e1s te esperan en este vibrante destino tur\u00edstico.\" \/>\n<meta property=\"og:url\" content=\"https:\/\/www.benidormparaiso.com\/blog\/isla-benidorm\/\" \/>\n<meta property=\"og:site_name\" content=\"Blog | Lo mejor de Benidorm\" \/>\n<meta property=\"article:published_time\" content=\"2024-10-16T10:44:11+00:00\" \/>\n<meta property=\"article:modified_time\" content=\"2026-03-04T15:43:11+00:00\" \/>\n<meta property=\"og:image\" content=\"https:\/\/www.benidormparaiso.com\/blog\/wp-content\/uploads\/2024\/10\/isla-benidorm.jpg\" \/>\n\t<meta property=\"og:image:width\" content=\"2124\" \/>\n\t<meta property=\"og:image:height\" content=\"708\" \/>\n\t<meta property=\"og:image:type\" content=\"image\/jpeg\" \/>\n<meta name=\"author\" content=\"Rui\" \/>\n<meta name=\"twitter:card\" content=\"summary_large_image\" \/>\n<meta name=\"twitter:label1\" content=\"Written by\" \/>\n\t<meta name=\"twitter:data1\" content=\"Rui\" \/>\n\t<meta name=\"twitter:label2\" content=\"Est. reading time\" \/>\n\t<meta name=\"twitter:data2\" content=\"6 minutes\" \/>\n<script type=\"application\/ld+json\" class=\"yoast-schema-graph\">{\"@context\":\"https:\\\/\\\/schema.org\",\"@graph\":[{\"@type\":\"Article\",\"@id\":\"https:\\\/\\\/www.benidormparaiso.com\\\/blog\\\/isla-benidorm\\\/#article\",\"isPartOf\":{\"@id\":\"https:\\\/\\\/www.benidormparaiso.com\\\/blog\\\/isla-benidorm\\\/\"},\"author\":{\"name\":\"Rui\",\"@id\":\"https:\\\/\\\/www.benidormparaiso.com\\\/blog\\\/#\\\/schema\\\/person\\\/bdcf1cd8e51de4cac0c90d8ca9863d33\"},\"headline\":\"La Isla de Benidorm: Un Para\u00edso en el Mediterr\u00e1neo\",\"datePublished\":\"2024-10-16T10:44:11+00:00\",\"dateModified\":\"2026-03-04T15:43:11+00:00\",\"mainEntityOfPage\":{\"@id\":\"https:\\\/\\\/www.benidormparaiso.com\\\/blog\\\/isla-benidorm\\\/\"},\"wordCount\":1074,\"commentCount\":0,\"publisher\":{\"@id\":\"https:\\\/\\\/www.benidormparaiso.com\\\/blog\\\/#organization\"},\"image\":{\"@id\":\"https:\\\/\\\/www.benidormparaiso.com\\\/blog\\\/isla-benidorm\\\/#primaryimage\"},\"thumbnailUrl\":\"https:\\\/\\\/www.benidormparaiso.com\\\/blog\\\/wp-content\\\/uploads\\\/2024\\\/10\\\/isla-benidorm.jpg\",\"keywords\":[\"No template\"],\"articleSection\":[\"Benidorm\"],\"inLanguage\":\"es\",\"potentialAction\":[{\"@type\":\"CommentAction\",\"name\":\"Comment\",\"target\":[\"https:\\\/\\\/www.benidormparaiso.com\\\/blog\\\/isla-benidorm\\\/#respond\"]}]},{\"@type\":\"WebPage\",\"@id\":\"https:\\\/\\\/www.benidormparaiso.com\\\/blog\\\/isla-benidorm\\\/\",\"url\":\"https:\\\/\\\/www.benidormparaiso.com\\\/blog\\\/isla-benidorm\\\/\",\"name\":\"La Isla de Benidorm: Un Para\u00edso en el Mediterr\u00e1neo - Blog | Lo mejor de Benidorm\",\"isPartOf\":{\"@id\":\"https:\\\/\\\/www.benidormparaiso.com\\\/blog\\\/#website\"},\"primaryImageOfPage\":{\"@id\":\"https:\\\/\\\/www.benidormparaiso.com\\\/blog\\\/isla-benidorm\\\/#primaryimage\"},\"image\":{\"@id\":\"https:\\\/\\\/www.benidormparaiso.com\\\/blog\\\/isla-benidorm\\\/#primaryimage\"},\"thumbnailUrl\":\"https:\\\/\\\/www.benidormparaiso.com\\\/blog\\\/wp-content\\\/uploads\\\/2024\\\/10\\\/isla-benidorm.jpg\",\"datePublished\":\"2024-10-16T10:44:11+00:00\",\"dateModified\":\"2026-03-04T15:43:11+00:00\",\"description\":\"Descubre la Isla de Benidorm: playas, actividades y mucho m\u00e1s te esperan en este vibrante destino tur\u00edstico.\",\"breadcrumb\":{\"@id\":\"https:\\\/\\\/www.benidormparaiso.com\\\/blog\\\/isla-benidorm\\\/#breadcrumb\"},\"inLanguage\":\"es\",\"potentialAction\":[{\"@type\":\"ReadAction\",\"target\":[\"https:\\\/\\\/www.benidormparaiso.com\\\/blog\\\/isla-benidorm\\\/\"]}]},{\"@type\":\"ImageObject\",\"inLanguage\":\"es\",\"@id\":\"https:\\\/\\\/www.benidormparaiso.com\\\/blog\\\/isla-benidorm\\\/#primaryimage\",\"url\":\"https:\\\/\\\/www.benidormparaiso.com\\\/blog\\\/wp-content\\\/uploads\\\/2024\\\/10\\\/isla-benidorm.jpg\",\"contentUrl\":\"https:\\\/\\\/www.benidormparaiso.com\\\/blog\\\/wp-content\\\/uploads\\\/2024\\\/10\\\/isla-benidorm.jpg\",\"width\":2124,\"height\":708,\"caption\":\"isla-benidorm\"},{\"@type\":\"BreadcrumbList\",\"@id\":\"https:\\\/\\\/www.benidormparaiso.com\\\/blog\\\/isla-benidorm\\\/#breadcrumb\",\"itemListElement\":[{\"@type\":\"ListItem\",\"position\":1,\"name\":\"Home\",\"item\":\"https:\\\/\\\/www.benidormparaiso.com\\\/blog\\\/en\\\/\"},{\"@type\":\"ListItem\",\"position\":2,\"name\":\"La Isla de Benidorm: Un Para\u00edso en el Mediterr\u00e1neo\"}]},{\"@type\":\"WebSite\",\"@id\":\"https:\\\/\\\/www.benidormparaiso.com\\\/blog\\\/#website\",\"url\":\"https:\\\/\\\/www.benidormparaiso.com\\\/blog\\\/\",\"name\":\"Blog | Lo mejor de Benidorm\",\"description\":\"Benidormparaiso\",\"publisher\":{\"@id\":\"https:\\\/\\\/www.benidormparaiso.com\\\/blog\\\/#organization\"},\"potentialAction\":[{\"@type\":\"SearchAction\",\"target\":{\"@type\":\"EntryPoint\",\"urlTemplate\":\"https:\\\/\\\/www.benidormparaiso.com\\\/blog\\\/?s={search_term_string}\"},\"query-input\":{\"@type\":\"PropertyValueSpecification\",\"valueRequired\":true,\"valueName\":\"search_term_string\"}}],\"inLanguage\":\"es\"},{\"@type\":\"Organization\",\"@id\":\"https:\\\/\\\/www.benidormparaiso.com\\\/blog\\\/#organization\",\"name\":\"Blog | Lo mejor de Benidorm\",\"url\":\"https:\\\/\\\/www.benidormparaiso.com\\\/blog\\\/\",\"logo\":{\"@type\":\"ImageObject\",\"inLanguage\":\"es\",\"@id\":\"https:\\\/\\\/www.benidormparaiso.com\\\/blog\\\/#\\\/schema\\\/logo\\\/image\\\/\",\"url\":\"https:\\\/\\\/www.benidormparaiso.com\\\/blog\\\/wp-content\\\/uploads\\\/2023\\\/08\\\/logo-10.png\",\"contentUrl\":\"https:\\\/\\\/www.benidormparaiso.com\\\/blog\\\/wp-content\\\/uploads\\\/2023\\\/08\\\/logo-10.png\",\"width\":350,\"height\":354,\"caption\":\"Blog | Lo mejor de Benidorm\"},\"image\":{\"@id\":\"https:\\\/\\\/www.benidormparaiso.com\\\/blog\\\/#\\\/schema\\\/logo\\\/image\\\/\"}},{\"@type\":\"Person\",\"@id\":\"https:\\\/\\\/www.benidormparaiso.com\\\/blog\\\/#\\\/schema\\\/person\\\/bdcf1cd8e51de4cac0c90d8ca9863d33\",\"name\":\"Rui\",\"image\":{\"@type\":\"ImageObject\",\"inLanguage\":\"es\",\"@id\":\"https:\\\/\\\/secure.gravatar.com\\\/avatar\\\/a38ee8cdbacfab6e36a7213a319aecff60b0580665839c1ae56aa02edbe73002?s=96&d=mm&r=g\",\"url\":\"https:\\\/\\\/secure.gravatar.com\\\/avatar\\\/a38ee8cdbacfab6e36a7213a319aecff60b0580665839c1ae56aa02edbe73002?s=96&d=mm&r=g\",\"contentUrl\":\"https:\\\/\\\/secure.gravatar.com\\\/avatar\\\/a38ee8cdbacfab6e36a7213a319aecff60b0580665839c1ae56aa02edbe73002?s=96&d=mm&r=g\",\"caption\":\"Rui\"},\"url\":\"https:\\\/\\\/www.benidormparaiso.com\\\/blog\\\/author\\\/rui\\\/\"}]}<\/script>\n<!-- \/ Yoast SEO plugin. -->","yoast_head_json":{"title":"La Isla de Benidorm: Un Para\u00edso en el Mediterr\u00e1neo - Blog | Lo mejor de Benidorm","description":"Descubre la Isla de Benidorm: playas, actividades y mucho m\u00e1s te esperan en este vibrante destino tur\u00edstico.","robots":{"index":"index","follow":"follow","max-snippet":"max-snippet:-1","max-image-preview":"max-image-preview:large","max-video-preview":"max-video-preview:-1"},"canonical":"https:\/\/www.benidormparaiso.com\/blog\/isla-benidorm\/","og_locale":"es_ES","og_type":"article","og_title":"La Isla de Benidorm: Un Para\u00edso en el Mediterr\u00e1neo - Blog | Lo mejor de Benidorm","og_description":"Descubre la Isla de Benidorm: playas, actividades y mucho m\u00e1s te esperan en este vibrante destino tur\u00edstico.","og_url":"https:\/\/www.benidormparaiso.com\/blog\/isla-benidorm\/","og_site_name":"Blog | Lo mejor de Benidorm","article_published_time":"2024-10-16T10:44:11+00:00","article_modified_time":"2026-03-04T15:43:11+00:00","og_image":[{"width":2124,"height":708,"url":"https:\/\/www.benidormparaiso.com\/blog\/wp-content\/uploads\/2024\/10\/isla-benidorm.jpg","type":"image\/jpeg"}],"author":"Rui","twitter_card":"summary_large_image","twitter_misc":{"Written by":"Rui","Est. reading time":"6 minutes"},"schema":{"@context":"https:\/\/schema.org","@graph":[{"@type":"Article","@id":"https:\/\/www.benidormparaiso.com\/blog\/isla-benidorm\/#article","isPartOf":{"@id":"https:\/\/www.benidormparaiso.com\/blog\/isla-benidorm\/"},"author":{"name":"Rui","@id":"https:\/\/www.benidormparaiso.com\/blog\/#\/schema\/person\/bdcf1cd8e51de4cac0c90d8ca9863d33"},"headline":"La Isla de Benidorm: Un Para\u00edso en el Mediterr\u00e1neo","datePublished":"2024-10-16T10:44:11+00:00","dateModified":"2026-03-04T15:43:11+00:00","mainEntityOfPage":{"@id":"https:\/\/www.benidormparaiso.com\/blog\/isla-benidorm\/"},"wordCount":1074,"commentCount":0,"publisher":{"@id":"https:\/\/www.benidormparaiso.com\/blog\/#organization"},"image":{"@id":"https:\/\/www.benidormparaiso.com\/blog\/isla-benidorm\/#primaryimage"},"thumbnailUrl":"https:\/\/www.benidormparaiso.com\/blog\/wp-content\/uploads\/2024\/10\/isla-benidorm.jpg","keywords":["No template"],"articleSection":["Benidorm"],"inLanguage":"es","potentialAction":[{"@type":"CommentAction","name":"Comment","target":["https:\/\/www.benidormparaiso.com\/blog\/isla-benidorm\/#respond"]}]},{"@type":"WebPage","@id":"https:\/\/www.benidormparaiso.com\/blog\/isla-benidorm\/","url":"https:\/\/www.benidormparaiso.com\/blog\/isla-benidorm\/","name":"La Isla de Benidorm: Un Para\u00edso en el Mediterr\u00e1neo - Blog | Lo mejor de Benidorm","isPartOf":{"@id":"https:\/\/www.benidormparaiso.com\/blog\/#website"},"primaryImageOfPage":{"@id":"https:\/\/www.benidormparaiso.com\/blog\/isla-benidorm\/#primaryimage"},"image":{"@id":"https:\/\/www.benidormparaiso.com\/blog\/isla-benidorm\/#primaryimage"},"thumbnailUrl":"https:\/\/www.benidormparaiso.com\/blog\/wp-content\/uploads\/2024\/10\/isla-benidorm.jpg","datePublished":"2024-10-16T10:44:11+00:00","dateModified":"2026-03-04T15:43:11+00:00","description":"Descubre la Isla de Benidorm: playas, actividades y mucho m\u00e1s te esperan en este vibrante destino tur\u00edstico.","breadcrumb":{"@id":"https:\/\/www.benidormparaiso.com\/blog\/isla-benidorm\/#breadcrumb"},"inLanguage":"es","potentialAction":[{"@type":"ReadAction","target":["https:\/\/www.benidormparaiso.com\/blog\/isla-benidorm\/"]}]},{"@type":"ImageObject","inLanguage":"es","@id":"https:\/\/www.benidormparaiso.com\/blog\/isla-benidorm\/#primaryimage","url":"https:\/\/www.benidormparaiso.com\/blog\/wp-content\/uploads\/2024\/10\/isla-benidorm.jpg","contentUrl":"https:\/\/www.benidormparaiso.com\/blog\/wp-content\/uploads\/2024\/10\/isla-benidorm.jpg","width":2124,"height":708,"caption":"isla-benidorm"},{"@type":"BreadcrumbList","@id":"https:\/\/www.benidormparaiso.com\/blog\/isla-benidorm\/#breadcrumb","itemListElement":[{"@type":"ListItem","position":1,"name":"Home","item":"https:\/\/www.benidormparaiso.com\/blog\/en\/"},{"@type":"ListItem","position":2,"name":"La Isla de Benidorm: Un Para\u00edso en el Mediterr\u00e1neo"}]},{"@type":"WebSite","@id":"https:\/\/www.benidormparaiso.com\/blog\/#website","url":"https:\/\/www.benidormparaiso.com\/blog\/","name":"Blog | Lo mejor de Benidorm","description":"Benidormparaiso","publisher":{"@id":"https:\/\/www.benidormparaiso.com\/blog\/#organization"},"potentialAction":[{"@type":"SearchAction","target":{"@type":"EntryPoint","urlTemplate":"https:\/\/www.benidormparaiso.com\/blog\/?s={search_term_string}"},"query-input":{"@type":"PropertyValueSpecification","valueRequired":true,"valueName":"search_term_string"}}],"inLanguage":"es"},{"@type":"Organization","@id":"https:\/\/www.benidormparaiso.com\/blog\/#organization","name":"Blog | Lo mejor de Benidorm","url":"https:\/\/www.benidormparaiso.com\/blog\/","logo":{"@type":"ImageObject","inLanguage":"es","@id":"https:\/\/www.benidormparaiso.com\/blog\/#\/schema\/logo\/image\/","url":"https:\/\/www.benidormparaiso.com\/blog\/wp-content\/uploads\/2023\/08\/logo-10.png","contentUrl":"https:\/\/www.benidormparaiso.com\/blog\/wp-content\/uploads\/2023\/08\/logo-10.png","width":350,"height":354,"caption":"Blog | Lo mejor de Benidorm"},"image":{"@id":"https:\/\/www.benidormparaiso.com\/blog\/#\/schema\/logo\/image\/"}},{"@type":"Person","@id":"https:\/\/www.benidormparaiso.com\/blog\/#\/schema\/person\/bdcf1cd8e51de4cac0c90d8ca9863d33","name":"Rui","image":{"@type":"ImageObject","inLanguage":"es","@id":"https:\/\/secure.gravatar.com\/avatar\/a38ee8cdbacfab6e36a7213a319aecff60b0580665839c1ae56aa02edbe73002?s=96&d=mm&r=g","url":"https:\/\/secure.gravatar.com\/avatar\/a38ee8cdbacfab6e36a7213a319aecff60b0580665839c1ae56aa02edbe73002?s=96&d=mm&r=g","contentUrl":"https:\/\/secure.gravatar.com\/avatar\/a38ee8cdbacfab6e36a7213a319aecff60b0580665839c1ae56aa02edbe73002?s=96&d=mm&r=g","caption":"Rui"},"url":"https:\/\/www.benidormparaiso.com\/blog\/author\/rui\/"}]}},"_links":{"self":[{"href":"https:\/\/www.benidormparaiso.com\/blog\/wp-json\/wp\/v2\/posts\/904","targetHints":{"allow":["GET"]}}],"collection":[{"href":"https:\/\/www.benidormparaiso.com\/blog\/wp-json\/wp\/v2\/posts"}],"about":[{"href":"https:\/\/www.benidormparaiso.com\/blog\/wp-json\/wp\/v2\/types\/post"}],"author":[{"embeddable":true,"href":"https:\/\/www.benidormparaiso.com\/blog\/wp-json\/wp\/v2\/users\/4"}],"replies":[{"embeddable":true,"href":"https:\/\/www.benidormparaiso.com\/blog\/wp-json\/wp\/v2\/comments?post=904"}],"version-history":[{"count":14,"href":"https:\/\/www.benidormparaiso.com\/blog\/wp-json\/wp\/v2\/posts\/904\/revisions"}],"predecessor-version":[{"id":925,"href":"https:\/\/www.benidormparaiso.com\/blog\/wp-json\/wp\/v2\/posts\/904\/revisions\/925"}],"wp:featuredmedia":[{"embeddable":true,"href":"https:\/\/www.benidormparaiso.com\/blog\/wp-json\/wp\/v2\/media\/921"}],"wp:attachment":[{"href":"https:\/\/www.benidormparaiso.com\/blog\/wp-json\/wp\/v2\/media?parent=904"}],"wp:term":[{"taxonomy":"category","embeddable":true,"href":"https:\/\/www.benidormparaiso.com\/blog\/wp-json\/wp\/v2\/categories?post=904"},{"taxonomy":"post_tag","embeddable":true,"href":"https:\/\/www.benidormparaiso.com\/blog\/wp-json\/wp\/v2\/tags?post=904"}],"curies":[{"name":"wp","href":"https:\/\/api.w.org\/{rel}","templated":true}]}}