{"id":938,"date":"2024-10-29T08:56:28","date_gmt":"2024-10-29T08:56:28","guid":{"rendered":"https:\/\/www.benidormparaiso.com\/blog\/?p=938"},"modified":"2024-10-29T09:15:19","modified_gmt":"2024-10-29T09:15:19","slug":"visitar-benidorm-en-otono-descubre-el-encanto-tranquilo-de-la-temporada","status":"publish","type":"post","link":"https:\/\/www.benidormparaiso.com\/blog\/visitar-benidorm-en-otono-descubre-el-encanto-tranquilo-de-la-temporada\/","title":{"rendered":"Visitar Benidorm en Oto\u00f1o: Descubre el Encanto Tranquilo de la Temporada"},"content":{"rendered":"\t\t<div data-elementor-type=\"wp-post\" data-elementor-id=\"938\" class=\"elementor elementor-938\" data-elementor-post-type=\"post\">\n\t\t\t\t\t\t<section class=\"elementor-section elementor-top-section elementor-element elementor-element-673aee94 elementor-section-boxed elementor-section-height-default elementor-section-height-default\" data-id=\"673aee94\" data-element_type=\"section\" data-e-type=\"section\">\n\t\t\t\t\t\t<div class=\"elementor-container elementor-column-gap-default\">\n\t\t\t\t\t<div class=\"elementor-column elementor-col-100 elementor-top-column elementor-element elementor-element-1f766d4e\" data-id=\"1f766d4e\" data-element_type=\"column\" data-e-type=\"column\">\n\t\t\t<div class=\"elementor-widget-wrap elementor-element-populated\">\n\t\t\t\t\t\t<div class=\"elementor-element elementor-element-7da3722d elementor-widget elementor-widget-text-editor\" data-id=\"7da3722d\" data-element_type=\"widget\" data-e-type=\"widget\" data-widget_type=\"text-editor.default\">\n\t\t\t\t<div class=\"elementor-widget-container\">\n\t\t\t\t\t\t\t\t\t<p><span style=\"font-weight: 400;\">Benidorm en oto\u00f1o es un secreto bien guardado. Con el calor del verano disip\u00e1ndose y las multitudes regresando a casa, este es el momento perfecto para disfrutar de la ciudad con una serenidad inusual. Ideal para parejas y familias, descubre c\u00f3mo puedes aprovechar al m\u00e1ximo esta temporada dorada.<\/span><\/p>\t\t\t\t\t\t\t\t<\/div>\n\t\t\t\t<\/div>\n\t\t\t\t<div class=\"elementor-element elementor-element-736f2d2a elementor-widget elementor-widget-heading\" data-id=\"736f2d2a\" data-element_type=\"widget\" data-e-type=\"widget\" data-widget_type=\"heading.default\">\n\t\t\t\t<div class=\"elementor-widget-container\">\n\t\t\t\t\t<h2 class=\"elementor-heading-title elementor-size-default\">Clima Ideal para Disfrutar al M\u00e1ximo\n\n<\/h2>\t\t\t\t<\/div>\n\t\t\t\t<\/div>\n\t\t\t\t<div class=\"elementor-element elementor-element-74d91b35 elementor-widget elementor-widget-text-editor\" data-id=\"74d91b35\" data-element_type=\"widget\" data-e-type=\"widget\" data-widget_type=\"text-editor.default\">\n\t\t\t\t<div class=\"elementor-widget-container\">\n\t\t\t\t\t\t\t\t\t<p><span style=\"font-weight: 400;\">En oto\u00f1o, Benidorm ofrece un clima suave, con temperaturas agradables que invitan a pasar m\u00e1s tiempo al aire libre, ya sea explorando las calles llenas de historia o relaj\u00e1ndose en sus playas tranquilas. La brisa marina complementa perfectamente los d\u00edas soleados y las noches frescas, ideales para cualquier actividad.<\/span><\/p>\t\t\t\t\t\t\t\t<\/div>\n\t\t\t\t<\/div>\n\t\t\t\t\t<\/div>\n\t\t<\/div>\n\t\t\t\t\t<\/div>\n\t\t<\/section>\n\t\t\t\t<section class=\"elementor-section elementor-top-section elementor-element elementor-element-4e8f10b0 elementor-section-boxed elementor-section-height-default elementor-section-height-default\" data-id=\"4e8f10b0\" data-element_type=\"section\" data-e-type=\"section\">\n\t\t\t\t\t\t<div class=\"elementor-container elementor-column-gap-default\">\n\t\t\t\t\t<div class=\"elementor-column elementor-col-100 elementor-top-column elementor-element elementor-element-30ece914\" data-id=\"30ece914\" data-element_type=\"column\" data-e-type=\"column\">\n\t\t\t<div class=\"elementor-widget-wrap elementor-element-populated\">\n\t\t\t\t\t\t<div class=\"elementor-element elementor-element-79f2c239 elementor-widget elementor-widget-image\" data-id=\"79f2c239\" data-element_type=\"widget\" data-e-type=\"widget\" data-widget_type=\"image.default\">\n\t\t\t\t<div class=\"elementor-widget-container\">\n\t\t\t\t\t\t\t\t\t\t\t\t\t\t\t<img fetchpriority=\"high\" decoding=\"async\" width=\"1920\" height=\"650\" src=\"https:\/\/www.benidormparaiso.com\/blog\/wp-content\/uploads\/2024\/10\/Playa-benidorm-otono.webp\" class=\"attachment-full size-full wp-image-943\" alt=\"Playa-benidorm-oto\u00f1o\" srcset=\"https:\/\/www.benidormparaiso.com\/blog\/wp-content\/uploads\/2024\/10\/Playa-benidorm-otono.webp 1920w, https:\/\/www.benidormparaiso.com\/blog\/wp-content\/uploads\/2024\/10\/Playa-benidorm-otono-768x260.webp 768w, https:\/\/www.benidormparaiso.com\/blog\/wp-content\/uploads\/2024\/10\/Playa-benidorm-otono-1536x520.webp 1536w\" sizes=\"(max-width: 1920px) 100vw, 1920px\" \/>\t\t\t\t\t\t\t\t\t\t\t\t\t\t\t<\/div>\n\t\t\t\t<\/div>\n\t\t\t\t\t<\/div>\n\t\t<\/div>\n\t\t\t\t\t<\/div>\n\t\t<\/section>\n\t\t\t\t<section class=\"elementor-section elementor-top-section elementor-element elementor-element-36048d5f elementor-section-boxed elementor-section-height-default elementor-section-height-default\" data-id=\"36048d5f\" data-element_type=\"section\" data-e-type=\"section\">\n\t\t\t\t\t\t<div class=\"elementor-container elementor-column-gap-default\">\n\t\t\t\t\t<div class=\"elementor-column elementor-col-100 elementor-top-column elementor-element elementor-element-342c1d34\" data-id=\"342c1d34\" data-element_type=\"column\" data-e-type=\"column\">\n\t\t\t<div class=\"elementor-widget-wrap elementor-element-populated\">\n\t\t\t\t\t\t<div class=\"elementor-element elementor-element-7cc49c7e elementor-widget elementor-widget-heading\" data-id=\"7cc49c7e\" data-element_type=\"widget\" data-e-type=\"widget\" data-widget_type=\"heading.default\">\n\t\t\t\t<div class=\"elementor-widget-container\">\n\t\t\t\t\t<h2 class=\"elementor-heading-title elementor-size-default\">Vive la Experiencia de Benidorm en Oto\u00f1o\n\n<\/h2>\t\t\t\t<\/div>\n\t\t\t\t<\/div>\n\t\t\t\t<div class=\"elementor-element elementor-element-48eccb74 elementor-widget elementor-widget-text-editor\" data-id=\"48eccb74\" data-element_type=\"widget\" data-e-type=\"widget\" data-widget_type=\"text-editor.default\">\n\t\t\t\t<div class=\"elementor-widget-container\">\n\t\t\t\t\t\t\t\t\t<p><span style=\"font-weight: 400;\">Visitar Benidorm en oto\u00f1o significa disfrutar de la ciudad con <strong>m\u00e1s calma y menos multitudes<\/strong>. El clima sigue siendo c\u00e1lido, ideal para pasear por el <strong>casco antiguo o relajarse en las playas de Levante y Poniente<\/strong>, que ofrecen un ambiente mucho m\u00e1s tranquilo que en verano.<\/span><\/p><p><span style=\"font-weight: 400;\">Es el momento perfecto para explorar atracciones locales sin largas esperas, y los restaurantes no est\u00e1n tan concurridos, lo que permite probar la gastronom\u00eda local con m\u00e1s serenidad y mejor servicio. Adem\u00e1s, los precios de alojamiento y actividades suelen ser m\u00e1s bajos, lo que hace que la estancia sea m\u00e1s econ\u00f3mica.<\/span><\/p><p><span style=\"font-weight: 400;\">Para las familias y parejas, Benidorm en esta \u00e9poca ofrece el espacio necesario para disfrutar juntos de todo lo que la ciudad tiene para ofrecer, desde sus parques tem\u00e1ticos hasta sus hermosos jardines, todo con m\u00e1s intimidad y menos interrupciones.<\/span><\/p><p><span style=\"font-weight: 400;\">Benidorm en oto\u00f1o combina lo mejor de un destino tur\u00edstico con la tranquilidad de una temporada baja, lo que permite a los visitantes experimentar la ciudad de una manera m\u00e1s relajada y personal.<\/span><\/p>\t\t\t\t\t\t\t\t<\/div>\n\t\t\t\t<\/div>\n\t\t\t\t\t<\/div>\n\t\t<\/div>\n\t\t\t\t\t<\/div>\n\t\t<\/section>\n\t\t\t\t<section class=\"elementor-section elementor-top-section elementor-element elementor-element-1668e3d7 elementor-section-boxed elementor-section-height-default elementor-section-height-default\" data-id=\"1668e3d7\" data-element_type=\"section\" data-e-type=\"section\">\n\t\t\t\t\t\t<div class=\"elementor-container elementor-column-gap-default\">\n\t\t\t\t\t<div class=\"elementor-column elementor-col-100 elementor-top-column elementor-element elementor-element-19bc3cfc\" data-id=\"19bc3cfc\" data-element_type=\"column\" data-e-type=\"column\">\n\t\t\t<div class=\"elementor-widget-wrap elementor-element-populated\">\n\t\t\t\t\t\t<div class=\"elementor-element elementor-element-76ab408c elementor-widget elementor-widget-heading\" data-id=\"76ab408c\" data-element_type=\"widget\" data-e-type=\"widget\" data-widget_type=\"heading.default\">\n\t\t\t\t<div class=\"elementor-widget-container\">\n\t\t\t\t\t<h2 class=\"elementor-heading-title elementor-size-default\">Los mejores apartamentos vacacionales para tu escapada en Benidorm en Oto\u00f1o\n\n\n\n<\/h2>\t\t\t\t<\/div>\n\t\t\t\t<\/div>\n\t\t\t\t\t<\/div>\n\t\t<\/div>\n\t\t\t\t\t<\/div>\n\t\t<\/section>\n\t\t\t\t<section class=\"elementor-section elementor-top-section elementor-element elementor-element-4b4157e0 elementor-section-boxed elementor-section-height-default elementor-section-height-default\" data-id=\"4b4157e0\" data-element_type=\"section\" data-e-type=\"section\" data-settings=\"{&quot;background_background&quot;:&quot;classic&quot;}\">\n\t\t\t\t\t\t<div class=\"elementor-container elementor-column-gap-default\">\n\t\t\t\t\t<div class=\"elementor-column elementor-col-50 elementor-top-column elementor-element elementor-element-6d50fd3b\" data-id=\"6d50fd3b\" data-element_type=\"column\" data-e-type=\"column\">\n\t\t\t<div class=\"elementor-widget-wrap elementor-element-populated\">\n\t\t\t\t\t\t<div class=\"elementor-element elementor-element-371fa281 elementor-widget elementor-widget-image\" data-id=\"371fa281\" data-element_type=\"widget\" data-e-type=\"widget\" data-widget_type=\"image.default\">\n\t\t\t\t<div class=\"elementor-widget-container\">\n\t\t\t\t\t\t\t\t\t\t\t\t\t\t\t\t<a href=\"https:\/\/www.benidormparaiso.com\/alquiler\/apartamento-benidorm-paraiso-centro-1-dormitorio-benidormparaiso-413877.html\">\n\t\t\t\t\t\t\t<img decoding=\"async\" width=\"2362\" height=\"1575\" src=\"https:\/\/www.benidormparaiso.com\/blog\/wp-content\/uploads\/2024\/02\/apartamento-benidorm-paraiso.jpg\" class=\"attachment-full size-full wp-image-417\" alt=\"apartamento benidorm para\u00edso\" srcset=\"https:\/\/www.benidormparaiso.com\/blog\/wp-content\/uploads\/2024\/02\/apartamento-benidorm-paraiso.jpg 2362w, https:\/\/www.benidormparaiso.com\/blog\/wp-content\/uploads\/2024\/02\/apartamento-benidorm-paraiso-768x512.jpg 768w, https:\/\/www.benidormparaiso.com\/blog\/wp-content\/uploads\/2024\/02\/apartamento-benidorm-paraiso-1536x1024.jpg 1536w, https:\/\/www.benidormparaiso.com\/blog\/wp-content\/uploads\/2024\/02\/apartamento-benidorm-paraiso-2048x1366.jpg 2048w\" sizes=\"(max-width: 2362px) 100vw, 2362px\" \/>\t\t\t\t\t\t\t\t<\/a>\n\t\t\t\t\t\t\t\t\t\t\t\t\t\t\t<\/div>\n\t\t\t\t<\/div>\n\t\t\t\t\t<\/div>\n\t\t<\/div>\n\t\t\t\t<div class=\"elementor-column elementor-col-50 elementor-top-column elementor-element elementor-element-d55fa06\" data-id=\"d55fa06\" data-element_type=\"column\" data-e-type=\"column\">\n\t\t\t<div class=\"elementor-widget-wrap elementor-element-populated\">\n\t\t\t\t\t\t<div class=\"elementor-element elementor-element-31daacad elementor-widget elementor-widget-spacer\" data-id=\"31daacad\" data-element_type=\"widget\" data-e-type=\"widget\" data-widget_type=\"spacer.default\">\n\t\t\t\t<div class=\"elementor-widget-container\">\n\t\t\t\t\t\t\t<div class=\"elementor-spacer\">\n\t\t\t<div class=\"elementor-spacer-inner\"><\/div>\n\t\t<\/div>\n\t\t\t\t\t\t<\/div>\n\t\t\t\t<\/div>\n\t\t\t\t<div class=\"elementor-element elementor-element-bdd005f elementor-widget elementor-widget-text-editor\" data-id=\"bdd005f\" data-element_type=\"widget\" data-e-type=\"widget\" data-widget_type=\"text-editor.default\">\n\t\t\t\t<div class=\"elementor-widget-container\">\n\t\t\t\t\t\t\t\t\t<h4 style=\"text-align: center;\"><strong>PARAISO CENTRO 1 DORMITORIO<\/strong><\/h4><p style=\"text-align: center;\">Reserva uno de nuestros apartamentos Para\u00edso Centro ideales para familias y parejas que busquen el descanso en el centro de Benidorm.<\/p><p style=\"text-align: center;\">Amplios y luminosos apartamentos de 1 dormitorio con vistas al jard\u00edn y la piscina.<\/p>\t\t\t\t\t\t\t\t<\/div>\n\t\t\t\t<\/div>\n\t\t\t\t<div class=\"elementor-element elementor-element-7f0dbf3d elementor-align-center elementor-widget elementor-widget-button\" data-id=\"7f0dbf3d\" data-element_type=\"widget\" data-e-type=\"widget\" data-widget_type=\"button.default\">\n\t\t\t\t<div class=\"elementor-widget-container\">\n\t\t\t\t\t\t\t\t\t<div class=\"elementor-button-wrapper\">\n\t\t\t\t\t<a class=\"elementor-button elementor-button-link elementor-size-sm\" href=\"https:\/\/www.benidormparaiso.com\/alquiler\/apartamento-benidorm-paraiso-centro-1-dormitorio-benidormparaiso-413877.html\">\n\t\t\t\t\t\t<span class=\"elementor-button-content-wrapper\">\n\t\t\t\t\t\t\t\t\t<span class=\"elementor-button-text\">Ver apartamento<\/span>\n\t\t\t\t\t<\/span>\n\t\t\t\t\t<\/a>\n\t\t\t\t<\/div>\n\t\t\t\t\t\t\t\t<\/div>\n\t\t\t\t<\/div>\n\t\t\t\t\t<\/div>\n\t\t<\/div>\n\t\t\t\t\t<\/div>\n\t\t<\/section>\n\t\t\t\t<section class=\"elementor-section elementor-top-section elementor-element elementor-element-2a23bed7 elementor-section-boxed elementor-section-height-default elementor-section-height-default\" data-id=\"2a23bed7\" data-element_type=\"section\" data-e-type=\"section\">\n\t\t\t\t\t\t<div class=\"elementor-container elementor-column-gap-default\">\n\t\t\t\t\t<div class=\"elementor-column elementor-col-100 elementor-top-column elementor-element elementor-element-2a7f755c\" data-id=\"2a7f755c\" data-element_type=\"column\" data-e-type=\"column\">\n\t\t\t<div class=\"elementor-widget-wrap elementor-element-populated\">\n\t\t\t\t\t\t<div class=\"elementor-element elementor-element-33409d3f elementor-widget-divider--view-line elementor-widget elementor-widget-divider\" data-id=\"33409d3f\" data-element_type=\"widget\" data-e-type=\"widget\" data-widget_type=\"divider.default\">\n\t\t\t\t<div class=\"elementor-widget-container\">\n\t\t\t\t\t\t\t<div class=\"elementor-divider\">\n\t\t\t<span class=\"elementor-divider-separator\">\n\t\t\t\t\t\t<\/span>\n\t\t<\/div>\n\t\t\t\t\t\t<\/div>\n\t\t\t\t<\/div>\n\t\t\t\t\t<\/div>\n\t\t<\/div>\n\t\t\t\t\t<\/div>\n\t\t<\/section>\n\t\t\t\t<section class=\"elementor-section elementor-top-section elementor-element elementor-element-1c98c20d elementor-section-boxed elementor-section-height-default elementor-section-height-default\" data-id=\"1c98c20d\" data-element_type=\"section\" data-e-type=\"section\" data-settings=\"{&quot;background_background&quot;:&quot;classic&quot;}\">\n\t\t\t\t\t\t<div class=\"elementor-container elementor-column-gap-default\">\n\t\t\t\t\t<div class=\"elementor-column elementor-col-50 elementor-top-column elementor-element elementor-element-6714ebec\" data-id=\"6714ebec\" data-element_type=\"column\" data-e-type=\"column\">\n\t\t\t<div class=\"elementor-widget-wrap elementor-element-populated\">\n\t\t\t\t\t\t<div class=\"elementor-element elementor-element-7fae5f2c elementor-widget elementor-widget-image\" data-id=\"7fae5f2c\" data-element_type=\"widget\" data-e-type=\"widget\" data-widget_type=\"image.default\">\n\t\t\t\t<div class=\"elementor-widget-container\">\n\t\t\t\t\t\t\t\t\t\t\t\t\t\t\t\t<a href=\"https:\/\/www.benidormparaiso.com\/alquiler\/apartamento-benidorm-1-dormitorio-suite-paraiso-centro-413917.html\">\n\t\t\t\t\t\t\t<img decoding=\"async\" width=\"2560\" height=\"1688\" src=\"https:\/\/www.benidormparaiso.com\/blog\/wp-content\/uploads\/2024\/02\/suite-1-dormitorio-benidorm.jpg\" class=\"attachment-full size-full wp-image-422\" alt=\"Suite 1 dormitorio benidorm\" srcset=\"https:\/\/www.benidormparaiso.com\/blog\/wp-content\/uploads\/2024\/02\/suite-1-dormitorio-benidorm.jpg 2560w, https:\/\/www.benidormparaiso.com\/blog\/wp-content\/uploads\/2024\/02\/suite-1-dormitorio-benidorm-768x506.jpg 768w, https:\/\/www.benidormparaiso.com\/blog\/wp-content\/uploads\/2024\/02\/suite-1-dormitorio-benidorm-1536x1013.jpg 1536w, https:\/\/www.benidormparaiso.com\/blog\/wp-content\/uploads\/2024\/02\/suite-1-dormitorio-benidorm-2048x1350.jpg 2048w\" sizes=\"(max-width: 2560px) 100vw, 2560px\" \/>\t\t\t\t\t\t\t\t<\/a>\n\t\t\t\t\t\t\t\t\t\t\t\t\t\t\t<\/div>\n\t\t\t\t<\/div>\n\t\t\t\t\t<\/div>\n\t\t<\/div>\n\t\t\t\t<div class=\"elementor-column elementor-col-50 elementor-top-column elementor-element elementor-element-5a954aa9\" data-id=\"5a954aa9\" data-element_type=\"column\" data-e-type=\"column\">\n\t\t\t<div class=\"elementor-widget-wrap elementor-element-populated\">\n\t\t\t\t\t\t<div class=\"elementor-element elementor-element-70ed2020 elementor-widget elementor-widget-spacer\" data-id=\"70ed2020\" data-element_type=\"widget\" data-e-type=\"widget\" data-widget_type=\"spacer.default\">\n\t\t\t\t<div class=\"elementor-widget-container\">\n\t\t\t\t\t\t\t<div class=\"elementor-spacer\">\n\t\t\t<div class=\"elementor-spacer-inner\"><\/div>\n\t\t<\/div>\n\t\t\t\t\t\t<\/div>\n\t\t\t\t<\/div>\n\t\t\t\t<div class=\"elementor-element elementor-element-110d6f46 elementor-widget elementor-widget-text-editor\" data-id=\"110d6f46\" data-element_type=\"widget\" data-e-type=\"widget\" data-widget_type=\"text-editor.default\">\n\t\t\t\t<div class=\"elementor-widget-container\">\n\t\t\t\t\t\t\t\t\t<h4 style=\"text-align: center;\"><strong>1 DORMITORIO SUITE PARA\u00cdSO CENTRO<\/strong><\/h4><p style=\"text-align: center;\">Apartamento en Benidorm de 1 dormitorio y capacidad para 2 personas.<br \/>Alojamiento de 58 m\u00b2 c\u00f3modo y muy luminoso, terraza acristalada e incorporada al sal\u00f3n lo que confiere una mayor amplitud a la estancia. Dormitorio con cama de matrimonio.<\/p>\t\t\t\t\t\t\t\t<\/div>\n\t\t\t\t<\/div>\n\t\t\t\t<div class=\"elementor-element elementor-element-78f9e232 elementor-align-center elementor-widget elementor-widget-button\" data-id=\"78f9e232\" data-element_type=\"widget\" data-e-type=\"widget\" data-widget_type=\"button.default\">\n\t\t\t\t<div class=\"elementor-widget-container\">\n\t\t\t\t\t\t\t\t\t<div class=\"elementor-button-wrapper\">\n\t\t\t\t\t<a class=\"elementor-button elementor-button-link elementor-size-sm\" href=\"https:\/\/www.benidormparaiso.com\/alquiler\/apartamento-benidorm-1-dormitorio-suite-paraiso-centro-413917.html\">\n\t\t\t\t\t\t<span class=\"elementor-button-content-wrapper\">\n\t\t\t\t\t\t\t\t\t<span class=\"elementor-button-text\">Ver apartamento<\/span>\n\t\t\t\t\t<\/span>\n\t\t\t\t\t<\/a>\n\t\t\t\t<\/div>\n\t\t\t\t\t\t\t\t<\/div>\n\t\t\t\t<\/div>\n\t\t\t\t\t<\/div>\n\t\t<\/div>\n\t\t\t\t\t<\/div>\n\t\t<\/section>\n\t\t\t\t<section class=\"elementor-section elementor-top-section elementor-element elementor-element-2bac527d elementor-section-boxed elementor-section-height-default elementor-section-height-default\" data-id=\"2bac527d\" data-element_type=\"section\" data-e-type=\"section\">\n\t\t\t\t\t\t<div class=\"elementor-container elementor-column-gap-default\">\n\t\t\t\t\t<div class=\"elementor-column elementor-col-100 elementor-top-column elementor-element elementor-element-363fc311\" data-id=\"363fc311\" data-element_type=\"column\" data-e-type=\"column\">\n\t\t\t<div class=\"elementor-widget-wrap elementor-element-populated\">\n\t\t\t\t\t\t<div class=\"elementor-element elementor-element-2d3327d7 elementor-widget-divider--view-line elementor-widget elementor-widget-divider\" data-id=\"2d3327d7\" data-element_type=\"widget\" data-e-type=\"widget\" data-widget_type=\"divider.default\">\n\t\t\t\t<div class=\"elementor-widget-container\">\n\t\t\t\t\t\t\t<div class=\"elementor-divider\">\n\t\t\t<span class=\"elementor-divider-separator\">\n\t\t\t\t\t\t<\/span>\n\t\t<\/div>\n\t\t\t\t\t\t<\/div>\n\t\t\t\t<\/div>\n\t\t\t\t\t<\/div>\n\t\t<\/div>\n\t\t\t\t\t<\/div>\n\t\t<\/section>\n\t\t\t\t<section class=\"elementor-section elementor-top-section elementor-element elementor-element-36db877b elementor-section-boxed elementor-section-height-default elementor-section-height-default\" data-id=\"36db877b\" data-element_type=\"section\" data-e-type=\"section\" data-settings=\"{&quot;background_background&quot;:&quot;classic&quot;}\">\n\t\t\t\t\t\t<div class=\"elementor-container elementor-column-gap-default\">\n\t\t\t\t\t<div class=\"elementor-column elementor-col-50 elementor-top-column elementor-element elementor-element-2a045c2d\" data-id=\"2a045c2d\" data-element_type=\"column\" data-e-type=\"column\">\n\t\t\t<div class=\"elementor-widget-wrap elementor-element-populated\">\n\t\t\t\t\t\t<div class=\"elementor-element elementor-element-52dc2780 elementor-widget elementor-widget-image\" data-id=\"52dc2780\" data-element_type=\"widget\" data-e-type=\"widget\" data-widget_type=\"image.default\">\n\t\t\t\t<div class=\"elementor-widget-container\">\n\t\t\t\t\t\t\t\t\t\t\t\t\t\t\t\t<a href=\"https:\/\/www.benidormparaiso.com\/alquiler\/apartamento-benidorm-paraiso-centro-2-dormitorios-benidormparaiso-413891.html\">\n\t\t\t\t\t\t\t<img loading=\"lazy\" decoding=\"async\" width=\"2362\" height=\"1575\" src=\"https:\/\/www.benidormparaiso.com\/blog\/wp-content\/uploads\/2024\/02\/apartamento-2-dormitorios.jpg\" class=\"attachment-full size-full wp-image-427\" alt=\"\" srcset=\"https:\/\/www.benidormparaiso.com\/blog\/wp-content\/uploads\/2024\/02\/apartamento-2-dormitorios.jpg 2362w, https:\/\/www.benidormparaiso.com\/blog\/wp-content\/uploads\/2024\/02\/apartamento-2-dormitorios-768x512.jpg 768w, https:\/\/www.benidormparaiso.com\/blog\/wp-content\/uploads\/2024\/02\/apartamento-2-dormitorios-1536x1024.jpg 1536w, https:\/\/www.benidormparaiso.com\/blog\/wp-content\/uploads\/2024\/02\/apartamento-2-dormitorios-2048x1366.jpg 2048w\" sizes=\"(max-width: 2362px) 100vw, 2362px\" \/>\t\t\t\t\t\t\t\t<\/a>\n\t\t\t\t\t\t\t\t\t\t\t\t\t\t\t<\/div>\n\t\t\t\t<\/div>\n\t\t\t\t\t<\/div>\n\t\t<\/div>\n\t\t\t\t<div class=\"elementor-column elementor-col-50 elementor-top-column elementor-element elementor-element-3514d703\" data-id=\"3514d703\" data-element_type=\"column\" data-e-type=\"column\">\n\t\t\t<div class=\"elementor-widget-wrap elementor-element-populated\">\n\t\t\t\t\t\t<div class=\"elementor-element elementor-element-17788d7b elementor-widget elementor-widget-spacer\" data-id=\"17788d7b\" data-element_type=\"widget\" data-e-type=\"widget\" data-widget_type=\"spacer.default\">\n\t\t\t\t<div class=\"elementor-widget-container\">\n\t\t\t\t\t\t\t<div class=\"elementor-spacer\">\n\t\t\t<div class=\"elementor-spacer-inner\"><\/div>\n\t\t<\/div>\n\t\t\t\t\t\t<\/div>\n\t\t\t\t<\/div>\n\t\t\t\t<div class=\"elementor-element elementor-element-706360ab elementor-widget elementor-widget-text-editor\" data-id=\"706360ab\" data-element_type=\"widget\" data-e-type=\"widget\" data-widget_type=\"text-editor.default\">\n\t\t\t\t<div class=\"elementor-widget-container\">\n\t\t\t\t\t\t\t\t\t<h4><strong>2 DORMITORIOS SUITE PARA\u00cdSO CENTRO<\/strong><\/h4><p style=\"text-align: center;\">Amplios apartamentos de 2 dormitorios orientados hacia el mar y con vistas al jard\u00edn y la piscina.<\/p><p style=\"text-align: center;\">Reserva uno de nuestros apartamentos Para\u00edso Centro ideales para familias y parejas que busquen el descanso en el centro de Benidorm.<\/p>\t\t\t\t\t\t\t\t<\/div>\n\t\t\t\t<\/div>\n\t\t\t\t<div class=\"elementor-element elementor-element-199e4728 elementor-align-center elementor-widget elementor-widget-button\" data-id=\"199e4728\" data-element_type=\"widget\" data-e-type=\"widget\" data-widget_type=\"button.default\">\n\t\t\t\t<div class=\"elementor-widget-container\">\n\t\t\t\t\t\t\t\t\t<div class=\"elementor-button-wrapper\">\n\t\t\t\t\t<a class=\"elementor-button elementor-button-link elementor-size-sm\" href=\"https:\/\/www.benidormparaiso.com\/alquiler\/apartamento-benidorm-paraiso-centro-2-dormitorios-benidormparaiso-413891.html\">\n\t\t\t\t\t\t<span class=\"elementor-button-content-wrapper\">\n\t\t\t\t\t\t\t\t\t<span class=\"elementor-button-text\">Ver apartamento<\/span>\n\t\t\t\t\t<\/span>\n\t\t\t\t\t<\/a>\n\t\t\t\t<\/div>\n\t\t\t\t\t\t\t\t<\/div>\n\t\t\t\t<\/div>\n\t\t\t\t\t<\/div>\n\t\t<\/div>\n\t\t\t\t\t<\/div>\n\t\t<\/section>\n\t\t\t\t<section class=\"elementor-section elementor-top-section elementor-element elementor-element-214e390 elementor-section-boxed elementor-section-height-default elementor-section-height-default\" data-id=\"214e390\" data-element_type=\"section\" data-e-type=\"section\">\n\t\t\t\t\t\t<div class=\"elementor-container elementor-column-gap-default\">\n\t\t\t\t\t<div class=\"elementor-column elementor-col-100 elementor-top-column elementor-element elementor-element-fb6fb04\" data-id=\"fb6fb04\" data-element_type=\"column\" data-e-type=\"column\">\n\t\t\t<div class=\"elementor-widget-wrap elementor-element-populated\">\n\t\t\t\t\t\t<div class=\"elementor-element elementor-element-4f6d8cd elementor-widget elementor-widget-heading\" data-id=\"4f6d8cd\" data-element_type=\"widget\" data-e-type=\"widget\" data-widget_type=\"heading.default\">\n\t\t\t\t<div class=\"elementor-widget-container\">\n\t\t\t\t\t<h2 class=\"elementor-heading-title elementor-size-default\">Qu\u00e9 Hacer en Benidorm Este Oto\u00f1o\n<\/h2>\t\t\t\t<\/div>\n\t\t\t\t<\/div>\n\t\t\t\t\t<\/div>\n\t\t<\/div>\n\t\t\t\t\t<\/div>\n\t\t<\/section>\n\t\t\t\t<section class=\"elementor-section elementor-top-section elementor-element elementor-element-24ea9984 elementor-section-boxed elementor-section-height-default elementor-section-height-default\" data-id=\"24ea9984\" data-element_type=\"section\" data-e-type=\"section\">\n\t\t\t\t\t\t<div class=\"elementor-container elementor-column-gap-default\">\n\t\t\t\t\t<div class=\"elementor-column elementor-col-100 elementor-top-column elementor-element elementor-element-69f9140c\" data-id=\"69f9140c\" data-element_type=\"column\" data-e-type=\"column\">\n\t\t\t<div class=\"elementor-widget-wrap elementor-element-populated\">\n\t\t\t\t\t\t<div class=\"elementor-element elementor-element-63a6f145 elementor-widget elementor-widget-text-editor\" data-id=\"63a6f145\" data-element_type=\"widget\" data-e-type=\"widget\" data-widget_type=\"text-editor.default\">\n\t\t\t\t<div class=\"elementor-widget-container\">\n\t\t\t\t\t\t\t\t\t<p><b>Explora el Casco Antiguo:<\/b><span style=\"font-weight: 400;\"> Aprovecha la tranquilidad del oto\u00f1o para pasear por las calles hist\u00f3ricas de Benidorm. Visita el Mirador del Castillo para disfrutar de vistas impresionantes del mar Mediterr\u00e1neo, ideal para fotograf\u00edas o simplemente para contemplar el paisaje en paz.<\/span><\/p><p><b>Disfruta de las Playas:<\/b><span style=\"font-weight: 400;\"> Las playas de Levante y Poniente son menos concurridas en esta \u00e9poca, perfectas para largos paseos al atardecer o para pasar un d\u00eda relajante bajo el sol oto\u00f1al.<\/span><\/p><p><b>Visita Parques Tem\u00e1ticos:<\/b><span style=\"font-weight: 400;\"> Terra M\u00edtica y otros parques tem\u00e1ticos ajustan sus horarios pero siguen ofreciendo diversi\u00f3n sin las largas colas de verano. Es un buen momento para disfrutar de las atracciones y espect\u00e1culos con menos espera.<\/span><\/p><p><b>Senderismo en la Sierra Helada:<\/b><span style=\"font-weight: 400;\"> El parque natural es un destino espectacular en oto\u00f1o, con rutas de senderismo que te llevar\u00e1n a trav\u00e9s de paisajes impresionantes y tranquilos, aprovechando el clima fresco y agradable.<\/span><\/p><p><b>Mercados Locales y Compras:<\/b><span style=\"font-weight: 400;\"> Explora los mercados locales y las tiendas de Benidorm donde encontrar\u00e1s productos aut\u00e9nticos y artesan\u00edas sin el ajetreo de los meses m\u00e1s tur\u00edsticos. Es una excelente oportunidad para interactuar con los locales y descubrir la verdadera esencia de la ciudad.<\/span><\/p><p><span style=\"font-weight: 400;\">Visitar Benidorm en oto\u00f1o no solo es una oportunidad de experimentar la ciudad con m\u00e1s calma y autenticidad, sino tambi\u00e9n una excelente manera de disfrutar de actividades variadas y paisajes serenos sin las multitudes del verano.<\/span><\/p>\t\t\t\t\t\t\t\t<\/div>\n\t\t\t\t<\/div>\n\t\t\t\t\t<\/div>\n\t\t<\/div>\n\t\t\t\t\t<\/div>\n\t\t<\/section>\n\t\t\t\t<section class=\"elementor-section elementor-top-section elementor-element elementor-element-662d8db elementor-section-boxed elementor-section-height-default elementor-section-height-default\" data-id=\"662d8db\" data-element_type=\"section\" data-e-type=\"section\">\n\t\t\t\t\t\t<div class=\"elementor-container elementor-column-gap-default\">\n\t\t\t\t\t<div class=\"elementor-column elementor-col-100 elementor-top-column elementor-element elementor-element-ad736d9\" data-id=\"ad736d9\" data-element_type=\"column\" data-e-type=\"column\">\n\t\t\t<div class=\"elementor-widget-wrap elementor-element-populated\">\n\t\t\t\t\t\t<div class=\"elementor-element elementor-element-6aba6b18 elementor-widget elementor-widget-image\" data-id=\"6aba6b18\" data-element_type=\"widget\" data-e-type=\"widget\" data-widget_type=\"image.default\">\n\t\t\t\t<div class=\"elementor-widget-container\">\n\t\t\t\t\t\t\t\t\t\t\t\t\t\t\t<img loading=\"lazy\" decoding=\"async\" width=\"2560\" height=\"1443\" src=\"https:\/\/www.benidormparaiso.com\/blog\/wp-content\/uploads\/2024\/10\/Benidorm-otono-scaled.jpg\" class=\"attachment-full size-full wp-image-945\" alt=\"benidorm oto\u00f1o\" srcset=\"https:\/\/www.benidormparaiso.com\/blog\/wp-content\/uploads\/2024\/10\/Benidorm-otono-scaled.jpg 2560w, https:\/\/www.benidormparaiso.com\/blog\/wp-content\/uploads\/2024\/10\/Benidorm-otono-768x433.jpg 768w, https:\/\/www.benidormparaiso.com\/blog\/wp-content\/uploads\/2024\/10\/Benidorm-otono-1536x866.jpg 1536w, https:\/\/www.benidormparaiso.com\/blog\/wp-content\/uploads\/2024\/10\/Benidorm-otono-2048x1155.jpg 2048w\" sizes=\"(max-width: 2560px) 100vw, 2560px\" \/>\t\t\t\t\t\t\t\t\t\t\t\t\t\t\t<\/div>\n\t\t\t\t<\/div>\n\t\t\t\t<div class=\"elementor-element elementor-element-986c847 elementor-widget elementor-widget-text-editor\" data-id=\"986c847\" data-element_type=\"widget\" data-e-type=\"widget\" data-widget_type=\"text-editor.default\">\n\t\t\t\t<div class=\"elementor-widget-container\">\n\t\t\t\t\t\t\t\t\t<p><span style=\"font-weight: 400;\">Desde paseos tranquilos por su hist\u00f3rico casco antiguo hasta la exploraci\u00f3n de parques naturales y tem\u00e1ticos, Benidorm ofrece una mezcla perfecta de relax y entretenimiento. Adem\u00e1s, con mejores precios en alojamientos y servicios, el oto\u00f1o se convierte en el momento ideal para quienes buscan valor y calidad en su escapada.\u00a0<\/span><\/p><p><span style=\"font-weight: 400;\">Planifica tu visita este oto\u00f1o y descubre por ti mismo todo lo que Benidorm tiene para ofrecer en esta estaci\u00f3n encantadora y subestimada.<\/span><\/p>\t\t\t\t\t\t\t\t<\/div>\n\t\t\t\t<\/div>\n\t\t\t\t\t<\/div>\n\t\t<\/div>\n\t\t\t\t\t<\/div>\n\t\t<\/section>\n\t\t\t\t<section class=\"elementor-section elementor-top-section elementor-element elementor-element-7ac001b6 elementor-section-boxed elementor-section-height-default elementor-section-height-default\" data-id=\"7ac001b6\" data-element_type=\"section\" data-e-type=\"section\">\n\t\t\t\t\t\t<div class=\"elementor-container elementor-column-gap-default\">\n\t\t\t\t\t<div class=\"elementor-column elementor-col-50 elementor-top-column elementor-element elementor-element-1d23887e\" data-id=\"1d23887e\" data-element_type=\"column\" data-e-type=\"column\">\n\t\t\t<div class=\"elementor-widget-wrap elementor-element-populated\">\n\t\t\t\t\t\t<div class=\"elementor-element elementor-element-1d2edd82 elementor-align-center elementor-widget elementor-widget-button\" data-id=\"1d2edd82\" data-element_type=\"widget\" data-e-type=\"widget\" data-widget_type=\"button.default\">\n\t\t\t\t<div class=\"elementor-widget-container\">\n\t\t\t\t\t\t\t\t\t<div class=\"elementor-button-wrapper\">\n\t\t\t\t\t<a class=\"elementor-button elementor-button-link elementor-size-lg\" href=\"https:\/\/www.benidormparaiso.com\/alquiler\/apartamento-benidorm-paraiso-centro-1-dormitorio-benidormparaiso-413877.html\">\n\t\t\t\t\t\t<span class=\"elementor-button-content-wrapper\">\n\t\t\t\t\t\t\t\t\t<span class=\"elementor-button-text\">Apartamento de 1 habitaci\u00f3n<\/span>\n\t\t\t\t\t<\/span>\n\t\t\t\t\t<\/a>\n\t\t\t\t<\/div>\n\t\t\t\t\t\t\t\t<\/div>\n\t\t\t\t<\/div>\n\t\t\t\t\t<\/div>\n\t\t<\/div>\n\t\t\t\t<div class=\"elementor-column elementor-col-50 elementor-top-column elementor-element elementor-element-312813e0\" data-id=\"312813e0\" data-element_type=\"column\" data-e-type=\"column\">\n\t\t\t<div class=\"elementor-widget-wrap elementor-element-populated\">\n\t\t\t\t\t\t<div class=\"elementor-element elementor-element-27f2bc99 elementor-align-center elementor-widget elementor-widget-button\" data-id=\"27f2bc99\" data-element_type=\"widget\" data-e-type=\"widget\" data-widget_type=\"button.default\">\n\t\t\t\t<div class=\"elementor-widget-container\">\n\t\t\t\t\t\t\t\t\t<div class=\"elementor-button-wrapper\">\n\t\t\t\t\t<a class=\"elementor-button elementor-button-link elementor-size-lg\" href=\"https:\/\/www.benidormparaiso.com\/alquiler\/apartamento-benidorm-paraiso-centro-2-dormitorios-benidormparaiso-413891.html\">\n\t\t\t\t\t\t<span class=\"elementor-button-content-wrapper\">\n\t\t\t\t\t\t\t\t\t<span class=\"elementor-button-text\">Apartamento de 2 habitaciones<\/span>\n\t\t\t\t\t<\/span>\n\t\t\t\t\t<\/a>\n\t\t\t\t<\/div>\n\t\t\t\t\t\t\t\t<\/div>\n\t\t\t\t<\/div>\n\t\t\t\t\t<\/div>\n\t\t<\/div>\n\t\t\t\t\t<\/div>\n\t\t<\/section>\n\t\t\t\t<\/div>\n\t\t","protected":false},"excerpt":{"rendered":"<p>Benidorm en oto\u00f1o es un secreto bien guardado. Con el calor del verano disip\u00e1ndose y las multitudes regresando a casa, este es el momento perfecto para disfrutar de la ciudad con una serenidad inusual. Ideal para parejas y familias, descubre c\u00f3mo puedes aprovechar al m\u00e1ximo esta temporada dorada. Clima Ideal para Disfrutar al M\u00e1ximo En [&hellip;]<\/p>\n","protected":false},"author":3,"featured_media":940,"comment_status":"open","ping_status":"open","sticky":false,"template":"","format":"standard","meta":{"footnotes":""},"categories":[35],"tags":[36,30,34,27,28,29],"class_list":["post-938","post","type-post","status-publish","format-standard","has-post-thumbnail","hentry","category-benidorm","tag-alojamientos-cerca-de-la-playa-en-benidorm","tag-alojamientos-turisticos-en-benidorm","tag-apartamentos-familiares-benidorm","tag-benidorm","tag-vacaciones-costa-blanca","tag-vacaciones-en-benidorm"],"yoast_head":"<!-- This site is optimized with the Yoast SEO plugin v27.4 - https:\/\/yoast.com\/product\/yoast-seo-wordpress\/ -->\n<title>Visitar Benidorm en oto\u00f1o : descubre la tranquilidad - Blog | Lo mejor de Benidorm<\/title>\n<meta name=\"description\" content=\"Descubre Benidorm en oto\u00f1o y disfruta de un clima perfecto, menos multitudes y precios reducidos. \u00a1Planifica tu escapada ideal ahora!\" \/>\n<meta name=\"robots\" content=\"index, follow, max-snippet:-1, max-image-preview:large, max-video-preview:-1\" \/>\n<link rel=\"canonical\" href=\"https:\/\/www.benidormparaiso.com\/blog\/visitar-benidorm-en-otono-descubre-el-encanto-tranquilo-de-la-temporada\/\" \/>\n<meta property=\"og:locale\" content=\"es_ES\" \/>\n<meta property=\"og:type\" content=\"article\" \/>\n<meta property=\"og:title\" content=\"Visitar Benidorm en oto\u00f1o : descubre la tranquilidad - Blog | Lo mejor de Benidorm\" \/>\n<meta property=\"og:description\" content=\"Descubre Benidorm en oto\u00f1o y disfruta de un clima perfecto, menos multitudes y precios reducidos. \u00a1Planifica tu escapada ideal ahora!\" \/>\n<meta property=\"og:url\" content=\"https:\/\/www.benidormparaiso.com\/blog\/visitar-benidorm-en-otono-descubre-el-encanto-tranquilo-de-la-temporada\/\" \/>\n<meta property=\"og:site_name\" content=\"Blog | Lo mejor de Benidorm\" \/>\n<meta property=\"article:published_time\" content=\"2024-10-29T08:56:28+00:00\" \/>\n<meta property=\"article:modified_time\" content=\"2024-10-29T09:15:19+00:00\" \/>\n<meta property=\"og:image\" content=\"https:\/\/www.benidormparaiso.com\/blog\/wp-content\/uploads\/2024\/10\/Visitar-Benidorm-en-Otono.webp\" \/>\n\t<meta property=\"og:image:width\" content=\"1920\" \/>\n\t<meta property=\"og:image:height\" content=\"650\" \/>\n\t<meta property=\"og:image:type\" content=\"image\/webp\" \/>\n<meta name=\"author\" content=\"digitalservices\" \/>\n<meta name=\"twitter:card\" content=\"summary_large_image\" \/>\n<meta name=\"twitter:label1\" content=\"Written by\" \/>\n\t<meta name=\"twitter:data1\" content=\"digitalservices\" \/>\n\t<meta name=\"twitter:label2\" content=\"Est. reading time\" \/>\n\t<meta name=\"twitter:data2\" content=\"5 minutes\" \/>\n<script type=\"application\/ld+json\" class=\"yoast-schema-graph\">{\"@context\":\"https:\\\/\\\/schema.org\",\"@graph\":[{\"@type\":\"Article\",\"@id\":\"https:\\\/\\\/www.benidormparaiso.com\\\/blog\\\/visitar-benidorm-en-otono-descubre-el-encanto-tranquilo-de-la-temporada\\\/#article\",\"isPartOf\":{\"@id\":\"https:\\\/\\\/www.benidormparaiso.com\\\/blog\\\/visitar-benidorm-en-otono-descubre-el-encanto-tranquilo-de-la-temporada\\\/\"},\"author\":{\"name\":\"digitalservices\",\"@id\":\"https:\\\/\\\/www.benidormparaiso.com\\\/blog\\\/#\\\/schema\\\/person\\\/66ccecad2075718998118caf9f883bc3\"},\"headline\":\"Visitar Benidorm en Oto\u00f1o: Descubre el Encanto Tranquilo de la Temporada\",\"datePublished\":\"2024-10-29T08:56:28+00:00\",\"dateModified\":\"2024-10-29T09:15:19+00:00\",\"mainEntityOfPage\":{\"@id\":\"https:\\\/\\\/www.benidormparaiso.com\\\/blog\\\/visitar-benidorm-en-otono-descubre-el-encanto-tranquilo-de-la-temporada\\\/\"},\"wordCount\":801,\"commentCount\":0,\"publisher\":{\"@id\":\"https:\\\/\\\/www.benidormparaiso.com\\\/blog\\\/#organization\"},\"image\":{\"@id\":\"https:\\\/\\\/www.benidormparaiso.com\\\/blog\\\/visitar-benidorm-en-otono-descubre-el-encanto-tranquilo-de-la-temporada\\\/#primaryimage\"},\"thumbnailUrl\":\"https:\\\/\\\/www.benidormparaiso.com\\\/blog\\\/wp-content\\\/uploads\\\/2024\\\/10\\\/Visitar-Benidorm-en-Otono.webp\",\"keywords\":[\"alojamientos cerca de la playa en Benidorm\",\"Alojamientos tur\u00edsticos en Benidorm\",\"apartamentos familiares Benidorm\",\"Benidorm\",\"Vacaciones Costa Blanca\",\"Vacaciones en Benidorm\"],\"articleSection\":[\"Benidorm\"],\"inLanguage\":\"es\",\"potentialAction\":[{\"@type\":\"CommentAction\",\"name\":\"Comment\",\"target\":[\"https:\\\/\\\/www.benidormparaiso.com\\\/blog\\\/visitar-benidorm-en-otono-descubre-el-encanto-tranquilo-de-la-temporada\\\/#respond\"]}]},{\"@type\":\"WebPage\",\"@id\":\"https:\\\/\\\/www.benidormparaiso.com\\\/blog\\\/visitar-benidorm-en-otono-descubre-el-encanto-tranquilo-de-la-temporada\\\/\",\"url\":\"https:\\\/\\\/www.benidormparaiso.com\\\/blog\\\/visitar-benidorm-en-otono-descubre-el-encanto-tranquilo-de-la-temporada\\\/\",\"name\":\"Visitar Benidorm en oto\u00f1o : descubre la tranquilidad - Blog | Lo mejor de Benidorm\",\"isPartOf\":{\"@id\":\"https:\\\/\\\/www.benidormparaiso.com\\\/blog\\\/#website\"},\"primaryImageOfPage\":{\"@id\":\"https:\\\/\\\/www.benidormparaiso.com\\\/blog\\\/visitar-benidorm-en-otono-descubre-el-encanto-tranquilo-de-la-temporada\\\/#primaryimage\"},\"image\":{\"@id\":\"https:\\\/\\\/www.benidormparaiso.com\\\/blog\\\/visitar-benidorm-en-otono-descubre-el-encanto-tranquilo-de-la-temporada\\\/#primaryimage\"},\"thumbnailUrl\":\"https:\\\/\\\/www.benidormparaiso.com\\\/blog\\\/wp-content\\\/uploads\\\/2024\\\/10\\\/Visitar-Benidorm-en-Otono.webp\",\"datePublished\":\"2024-10-29T08:56:28+00:00\",\"dateModified\":\"2024-10-29T09:15:19+00:00\",\"description\":\"Descubre Benidorm en oto\u00f1o y disfruta de un clima perfecto, menos multitudes y precios reducidos. \u00a1Planifica tu escapada ideal ahora!\",\"breadcrumb\":{\"@id\":\"https:\\\/\\\/www.benidormparaiso.com\\\/blog\\\/visitar-benidorm-en-otono-descubre-el-encanto-tranquilo-de-la-temporada\\\/#breadcrumb\"},\"inLanguage\":\"es\",\"potentialAction\":[{\"@type\":\"ReadAction\",\"target\":[\"https:\\\/\\\/www.benidormparaiso.com\\\/blog\\\/visitar-benidorm-en-otono-descubre-el-encanto-tranquilo-de-la-temporada\\\/\"]}]},{\"@type\":\"ImageObject\",\"inLanguage\":\"es\",\"@id\":\"https:\\\/\\\/www.benidormparaiso.com\\\/blog\\\/visitar-benidorm-en-otono-descubre-el-encanto-tranquilo-de-la-temporada\\\/#primaryimage\",\"url\":\"https:\\\/\\\/www.benidormparaiso.com\\\/blog\\\/wp-content\\\/uploads\\\/2024\\\/10\\\/Visitar-Benidorm-en-Otono.webp\",\"contentUrl\":\"https:\\\/\\\/www.benidormparaiso.com\\\/blog\\\/wp-content\\\/uploads\\\/2024\\\/10\\\/Visitar-Benidorm-en-Otono.webp\",\"width\":1920,\"height\":650,\"caption\":\"Visitar Benidorm en Oto\u00f1o\"},{\"@type\":\"BreadcrumbList\",\"@id\":\"https:\\\/\\\/www.benidormparaiso.com\\\/blog\\\/visitar-benidorm-en-otono-descubre-el-encanto-tranquilo-de-la-temporada\\\/#breadcrumb\",\"itemListElement\":[{\"@type\":\"ListItem\",\"position\":1,\"name\":\"Home\",\"item\":\"https:\\\/\\\/www.benidormparaiso.com\\\/blog\\\/en\\\/\"},{\"@type\":\"ListItem\",\"position\":2,\"name\":\"Visitar Benidorm en Oto\u00f1o: Descubre el Encanto Tranquilo de la Temporada\"}]},{\"@type\":\"WebSite\",\"@id\":\"https:\\\/\\\/www.benidormparaiso.com\\\/blog\\\/#website\",\"url\":\"https:\\\/\\\/www.benidormparaiso.com\\\/blog\\\/\",\"name\":\"Blog | Lo mejor de Benidorm\",\"description\":\"Benidormparaiso\",\"publisher\":{\"@id\":\"https:\\\/\\\/www.benidormparaiso.com\\\/blog\\\/#organization\"},\"potentialAction\":[{\"@type\":\"SearchAction\",\"target\":{\"@type\":\"EntryPoint\",\"urlTemplate\":\"https:\\\/\\\/www.benidormparaiso.com\\\/blog\\\/?s={search_term_string}\"},\"query-input\":{\"@type\":\"PropertyValueSpecification\",\"valueRequired\":true,\"valueName\":\"search_term_string\"}}],\"inLanguage\":\"es\"},{\"@type\":\"Organization\",\"@id\":\"https:\\\/\\\/www.benidormparaiso.com\\\/blog\\\/#organization\",\"name\":\"Blog | Lo mejor de Benidorm\",\"url\":\"https:\\\/\\\/www.benidormparaiso.com\\\/blog\\\/\",\"logo\":{\"@type\":\"ImageObject\",\"inLanguage\":\"es\",\"@id\":\"https:\\\/\\\/www.benidormparaiso.com\\\/blog\\\/#\\\/schema\\\/logo\\\/image\\\/\",\"url\":\"https:\\\/\\\/www.benidormparaiso.com\\\/blog\\\/wp-content\\\/uploads\\\/2023\\\/08\\\/logo-10.png\",\"contentUrl\":\"https:\\\/\\\/www.benidormparaiso.com\\\/blog\\\/wp-content\\\/uploads\\\/2023\\\/08\\\/logo-10.png\",\"width\":350,\"height\":354,\"caption\":\"Blog | Lo mejor de Benidorm\"},\"image\":{\"@id\":\"https:\\\/\\\/www.benidormparaiso.com\\\/blog\\\/#\\\/schema\\\/logo\\\/image\\\/\"}},{\"@type\":\"Person\",\"@id\":\"https:\\\/\\\/www.benidormparaiso.com\\\/blog\\\/#\\\/schema\\\/person\\\/66ccecad2075718998118caf9f883bc3\",\"name\":\"digitalservices\",\"image\":{\"@type\":\"ImageObject\",\"inLanguage\":\"es\",\"@id\":\"https:\\\/\\\/secure.gravatar.com\\\/avatar\\\/af30f88a1904294c1f3eb09a9d7903eec4ffa18fa2cf40c28a8681014ecdfc20?s=96&d=mm&r=g\",\"url\":\"https:\\\/\\\/secure.gravatar.com\\\/avatar\\\/af30f88a1904294c1f3eb09a9d7903eec4ffa18fa2cf40c28a8681014ecdfc20?s=96&d=mm&r=g\",\"contentUrl\":\"https:\\\/\\\/secure.gravatar.com\\\/avatar\\\/af30f88a1904294c1f3eb09a9d7903eec4ffa18fa2cf40c28a8681014ecdfc20?s=96&d=mm&r=g\",\"caption\":\"digitalservices\"},\"url\":\"https:\\\/\\\/www.benidormparaiso.com\\\/blog\\\/author\\\/digitalservices\\\/\"}]}<\/script>\n<!-- \/ Yoast SEO plugin. -->","yoast_head_json":{"title":"Visitar Benidorm en oto\u00f1o : descubre la tranquilidad - Blog | Lo mejor de Benidorm","description":"Descubre Benidorm en oto\u00f1o y disfruta de un clima perfecto, menos multitudes y precios reducidos. \u00a1Planifica tu escapada ideal ahora!","robots":{"index":"index","follow":"follow","max-snippet":"max-snippet:-1","max-image-preview":"max-image-preview:large","max-video-preview":"max-video-preview:-1"},"canonical":"https:\/\/www.benidormparaiso.com\/blog\/visitar-benidorm-en-otono-descubre-el-encanto-tranquilo-de-la-temporada\/","og_locale":"es_ES","og_type":"article","og_title":"Visitar Benidorm en oto\u00f1o : descubre la tranquilidad - Blog | Lo mejor de Benidorm","og_description":"Descubre Benidorm en oto\u00f1o y disfruta de un clima perfecto, menos multitudes y precios reducidos. \u00a1Planifica tu escapada ideal ahora!","og_url":"https:\/\/www.benidormparaiso.com\/blog\/visitar-benidorm-en-otono-descubre-el-encanto-tranquilo-de-la-temporada\/","og_site_name":"Blog | Lo mejor de Benidorm","article_published_time":"2024-10-29T08:56:28+00:00","article_modified_time":"2024-10-29T09:15:19+00:00","og_image":[{"width":1920,"height":650,"url":"https:\/\/www.benidormparaiso.com\/blog\/wp-content\/uploads\/2024\/10\/Visitar-Benidorm-en-Otono.webp","type":"image\/webp"}],"author":"digitalservices","twitter_card":"summary_large_image","twitter_misc":{"Written by":"digitalservices","Est. reading time":"5 minutes"},"schema":{"@context":"https:\/\/schema.org","@graph":[{"@type":"Article","@id":"https:\/\/www.benidormparaiso.com\/blog\/visitar-benidorm-en-otono-descubre-el-encanto-tranquilo-de-la-temporada\/#article","isPartOf":{"@id":"https:\/\/www.benidormparaiso.com\/blog\/visitar-benidorm-en-otono-descubre-el-encanto-tranquilo-de-la-temporada\/"},"author":{"name":"digitalservices","@id":"https:\/\/www.benidormparaiso.com\/blog\/#\/schema\/person\/66ccecad2075718998118caf9f883bc3"},"headline":"Visitar Benidorm en Oto\u00f1o: Descubre el Encanto Tranquilo de la Temporada","datePublished":"2024-10-29T08:56:28+00:00","dateModified":"2024-10-29T09:15:19+00:00","mainEntityOfPage":{"@id":"https:\/\/www.benidormparaiso.com\/blog\/visitar-benidorm-en-otono-descubre-el-encanto-tranquilo-de-la-temporada\/"},"wordCount":801,"commentCount":0,"publisher":{"@id":"https:\/\/www.benidormparaiso.com\/blog\/#organization"},"image":{"@id":"https:\/\/www.benidormparaiso.com\/blog\/visitar-benidorm-en-otono-descubre-el-encanto-tranquilo-de-la-temporada\/#primaryimage"},"thumbnailUrl":"https:\/\/www.benidormparaiso.com\/blog\/wp-content\/uploads\/2024\/10\/Visitar-Benidorm-en-Otono.webp","keywords":["alojamientos cerca de la playa en Benidorm","Alojamientos tur\u00edsticos en Benidorm","apartamentos familiares Benidorm","Benidorm","Vacaciones Costa Blanca","Vacaciones en Benidorm"],"articleSection":["Benidorm"],"inLanguage":"es","potentialAction":[{"@type":"CommentAction","name":"Comment","target":["https:\/\/www.benidormparaiso.com\/blog\/visitar-benidorm-en-otono-descubre-el-encanto-tranquilo-de-la-temporada\/#respond"]}]},{"@type":"WebPage","@id":"https:\/\/www.benidormparaiso.com\/blog\/visitar-benidorm-en-otono-descubre-el-encanto-tranquilo-de-la-temporada\/","url":"https:\/\/www.benidormparaiso.com\/blog\/visitar-benidorm-en-otono-descubre-el-encanto-tranquilo-de-la-temporada\/","name":"Visitar Benidorm en oto\u00f1o : descubre la tranquilidad - Blog | Lo mejor de Benidorm","isPartOf":{"@id":"https:\/\/www.benidormparaiso.com\/blog\/#website"},"primaryImageOfPage":{"@id":"https:\/\/www.benidormparaiso.com\/blog\/visitar-benidorm-en-otono-descubre-el-encanto-tranquilo-de-la-temporada\/#primaryimage"},"image":{"@id":"https:\/\/www.benidormparaiso.com\/blog\/visitar-benidorm-en-otono-descubre-el-encanto-tranquilo-de-la-temporada\/#primaryimage"},"thumbnailUrl":"https:\/\/www.benidormparaiso.com\/blog\/wp-content\/uploads\/2024\/10\/Visitar-Benidorm-en-Otono.webp","datePublished":"2024-10-29T08:56:28+00:00","dateModified":"2024-10-29T09:15:19+00:00","description":"Descubre Benidorm en oto\u00f1o y disfruta de un clima perfecto, menos multitudes y precios reducidos. \u00a1Planifica tu escapada ideal ahora!","breadcrumb":{"@id":"https:\/\/www.benidormparaiso.com\/blog\/visitar-benidorm-en-otono-descubre-el-encanto-tranquilo-de-la-temporada\/#breadcrumb"},"inLanguage":"es","potentialAction":[{"@type":"ReadAction","target":["https:\/\/www.benidormparaiso.com\/blog\/visitar-benidorm-en-otono-descubre-el-encanto-tranquilo-de-la-temporada\/"]}]},{"@type":"ImageObject","inLanguage":"es","@id":"https:\/\/www.benidormparaiso.com\/blog\/visitar-benidorm-en-otono-descubre-el-encanto-tranquilo-de-la-temporada\/#primaryimage","url":"https:\/\/www.benidormparaiso.com\/blog\/wp-content\/uploads\/2024\/10\/Visitar-Benidorm-en-Otono.webp","contentUrl":"https:\/\/www.benidormparaiso.com\/blog\/wp-content\/uploads\/2024\/10\/Visitar-Benidorm-en-Otono.webp","width":1920,"height":650,"caption":"Visitar Benidorm en Oto\u00f1o"},{"@type":"BreadcrumbList","@id":"https:\/\/www.benidormparaiso.com\/blog\/visitar-benidorm-en-otono-descubre-el-encanto-tranquilo-de-la-temporada\/#breadcrumb","itemListElement":[{"@type":"ListItem","position":1,"name":"Home","item":"https:\/\/www.benidormparaiso.com\/blog\/en\/"},{"@type":"ListItem","position":2,"name":"Visitar Benidorm en Oto\u00f1o: Descubre el Encanto Tranquilo de la Temporada"}]},{"@type":"WebSite","@id":"https:\/\/www.benidormparaiso.com\/blog\/#website","url":"https:\/\/www.benidormparaiso.com\/blog\/","name":"Blog | Lo mejor de Benidorm","description":"Benidormparaiso","publisher":{"@id":"https:\/\/www.benidormparaiso.com\/blog\/#organization"},"potentialAction":[{"@type":"SearchAction","target":{"@type":"EntryPoint","urlTemplate":"https:\/\/www.benidormparaiso.com\/blog\/?s={search_term_string}"},"query-input":{"@type":"PropertyValueSpecification","valueRequired":true,"valueName":"search_term_string"}}],"inLanguage":"es"},{"@type":"Organization","@id":"https:\/\/www.benidormparaiso.com\/blog\/#organization","name":"Blog | Lo mejor de Benidorm","url":"https:\/\/www.benidormparaiso.com\/blog\/","logo":{"@type":"ImageObject","inLanguage":"es","@id":"https:\/\/www.benidormparaiso.com\/blog\/#\/schema\/logo\/image\/","url":"https:\/\/www.benidormparaiso.com\/blog\/wp-content\/uploads\/2023\/08\/logo-10.png","contentUrl":"https:\/\/www.benidormparaiso.com\/blog\/wp-content\/uploads\/2023\/08\/logo-10.png","width":350,"height":354,"caption":"Blog | Lo mejor de Benidorm"},"image":{"@id":"https:\/\/www.benidormparaiso.com\/blog\/#\/schema\/logo\/image\/"}},{"@type":"Person","@id":"https:\/\/www.benidormparaiso.com\/blog\/#\/schema\/person\/66ccecad2075718998118caf9f883bc3","name":"digitalservices","image":{"@type":"ImageObject","inLanguage":"es","@id":"https:\/\/secure.gravatar.com\/avatar\/af30f88a1904294c1f3eb09a9d7903eec4ffa18fa2cf40c28a8681014ecdfc20?s=96&d=mm&r=g","url":"https:\/\/secure.gravatar.com\/avatar\/af30f88a1904294c1f3eb09a9d7903eec4ffa18fa2cf40c28a8681014ecdfc20?s=96&d=mm&r=g","contentUrl":"https:\/\/secure.gravatar.com\/avatar\/af30f88a1904294c1f3eb09a9d7903eec4ffa18fa2cf40c28a8681014ecdfc20?s=96&d=mm&r=g","caption":"digitalservices"},"url":"https:\/\/www.benidormparaiso.com\/blog\/author\/digitalservices\/"}]}},"_links":{"self":[{"href":"https:\/\/www.benidormparaiso.com\/blog\/wp-json\/wp\/v2\/posts\/938","targetHints":{"allow":["GET"]}}],"collection":[{"href":"https:\/\/www.benidormparaiso.com\/blog\/wp-json\/wp\/v2\/posts"}],"about":[{"href":"https:\/\/www.benidormparaiso.com\/blog\/wp-json\/wp\/v2\/types\/post"}],"author":[{"embeddable":true,"href":"https:\/\/www.benidormparaiso.com\/blog\/wp-json\/wp\/v2\/users\/3"}],"replies":[{"embeddable":true,"href":"https:\/\/www.benidormparaiso.com\/blog\/wp-json\/wp\/v2\/comments?post=938"}],"version-history":[{"count":5,"href":"https:\/\/www.benidormparaiso.com\/blog\/wp-json\/wp\/v2\/posts\/938\/revisions"}],"predecessor-version":[{"id":949,"href":"https:\/\/www.benidormparaiso.com\/blog\/wp-json\/wp\/v2\/posts\/938\/revisions\/949"}],"wp:featuredmedia":[{"embeddable":true,"href":"https:\/\/www.benidormparaiso.com\/blog\/wp-json\/wp\/v2\/media\/940"}],"wp:attachment":[{"href":"https:\/\/www.benidormparaiso.com\/blog\/wp-json\/wp\/v2\/media?parent=938"}],"wp:term":[{"taxonomy":"category","embeddable":true,"href":"https:\/\/www.benidormparaiso.com\/blog\/wp-json\/wp\/v2\/categories?post=938"},{"taxonomy":"post_tag","embeddable":true,"href":"https:\/\/www.benidormparaiso.com\/blog\/wp-json\/wp\/v2\/tags?post=938"}],"curies":[{"name":"wp","href":"https:\/\/api.w.org\/{rel}","templated":true}]}}